{"id":873,"date":"2014-11-01T13:01:59","date_gmt":"2014-11-01T12:01:59","guid":{"rendered":"http:\/\/www.bandaparafita.net\/cms\/?p=873"},"modified":"2020-05-16T22:36:04","modified_gmt":"2020-05-16T21:36:04","slug":"concurso-internacional-de-bandas","status":"publish","type":"post","link":"https:\/\/www.bandaparafita.net\/cms\/concurso-internacional-de-bandas\/","title":{"rendered":"Banda de Parafita em Concurso Internacional de Bandas"},"content":{"rendered":"<div style=\"text-align: justify;\" data-canvas-width=\"648.1599999999997\" data-angle=\"0\" data-font-name=\"g_font_4\">As Bandas Filarm\u00f3nicas s\u00e3o um marco de refer\u00eancia na cultura portuguesa. A exist\u00eancia de cerca de oitocentas Bandas Filarm\u00f3nicas revela que o seu fomento est\u00e1, fortemente, enraizado na nossa sociedade.Este concurso pretende o engrandecimento associativo, art\u00edstico e cultural das Bandas Filarm\u00f3nicas, elevando-as ao mais alto patamar da cultura. Assim, como as Bandas Filarm\u00f3nicas s\u00e3o um marco da nossa cultura, o <strong>CIB Filarmonia D&#8217;Ouro\u00a0<\/strong>organizado pela <strong>Academia Portuguesa\u00a0<\/strong><strong>de Banda <\/strong>em parceria com a empresa <strong>Cardoso &amp; Concei\u00e7\u00e3o<em><\/em><\/strong> pretende ser uma refer\u00eancia no panorama musical do nosso pa\u00eds.<\/div>\n<div style=\"text-align: justify;\" data-canvas-width=\"648.1599999999997\" data-angle=\"0\" data-font-name=\"g_font_4\">A Banda Musical de Parafita ir\u00e1 participar neste concurso na 2.\u00aa categoria, que se realizar\u00e1 nos dias 22 de Novembro. A nossa atua\u00e7\u00e3o \u00e9 \u00e0s 15h10. \u00c9 a primeira vez que a banda participa num concurso e como tal o nosso objectivo principal n\u00e3o s\u00e3o os pr\u00e9mios, \u00e9 apenas superar-nos e fazer o melhor poss\u00edvel. Tudo o que vier por acr\u00e9scimo ser\u00e1 bem vindo.<\/div>\n<div style=\"text-align: justify;\" data-canvas-width=\"648.1599999999997\" data-angle=\"0\" data-font-name=\"g_font_4\"><\/div>\n<div style=\"text-align: justify;\" data-canvas-width=\"648.1599999999997\" data-angle=\"0\" data-font-name=\"g_font_4\">PROGRAMA<\/div>\n<div style=\"text-align: justify;\" data-canvas-width=\"648.1599999999997\" data-angle=\"0\" data-font-name=\"g_font_4\">\n<p>Concurso CIB Filarmonia D`ouro22 de NOVEMBRO<\/p>\n<p>SEC\u00c7\u00c3O ACAD\u00c9MICA \u2013 Sess\u00e3o da manh\u00e3<\/p>\n<p>09:30 Banda Vaguense<br \/>\n10:10 Orquestra da Funda\u00e7\u00e3o ALord<br \/>\n10:50 Orquestra de Sopros da Academia D`artes de Cinf\u00e3es<\/p>\n<p>11:30 Intervalo<\/p>\n<p>11:45 Orquestra de Sopros da Escola Profissional de Arte da Beira Interior<br \/>\n12:35 Orquestra de Sopros da Academia de Arte de Chaves<\/p>\n<p>2\u00aa SEC\u00c7\u00c3O \u2013 Sess\u00e3o da tarde<\/p>\n<p>14:30 Banda de M\u00fasica de Cete<br \/>\n<strong>15:10 Banda Musical de Parafita<\/strong><br \/>\n15:45 Banda Uni\u00e3o Musical Paramense<br \/>\n16:25 Banda Musical de Avintes<\/p>\n<p>17:05 Intervalo<\/p>\n<p>17:30 Sociedade Filarm\u00f3nica de Crestuma<br \/>\n18:10 Banda Musical S. Martinho de Mancelos<br \/>\n18:50 Banda de Alcoba\u00e7a<\/p>\n<p>1\u00aa SEC\u00c7\u00c3O \u2013 Sess\u00e3o da noite<br \/>\n21:30 Grupo Recreativo e Musical \u2013 Banda Famalic\u00e3o<br \/>\n22:15 Banda Musical de Melres<\/p>\n<p>Cerim\u00f3nia Final<br \/>\n23:00 Concerto pela Banda Militar do Porto<br \/>\n24:00 Entrega de Pr\u00e9mios<br \/>\n<\/p>\n<div style=\"text-align: justify;\" data-canvas-width=\"648.1599999999997\" data-angle=\"0\" data-font-name=\"g_font_4\">Mais informa\u00e7\u00f5es poder\u00e3o ser consultadas em:<\/div>\n<div style=\"text-align: justify;\" data-canvas-width=\"648.1599999999997\" data-angle=\"0\" data-font-name=\"g_font_4\">\n<ul>\n<li><a href=\"https:\/\/www.facebook.com\/filarmoniadouro\" target=\"_blank\" rel=\"noopener noreferrer\">https:\/\/www.facebook.com\/filarmoniadouro<\/a><\/li>\n<li><a href=\"http:\/\/www.apbanda.com\" target=\"_blank\" rel=\"noopener noreferrer\">http:\/\/www.apbanda.com<\/a><\/li>\n<li><a href=\"http:\/\/www.bandasfilarmonicas.com\" target=\"_blank\" rel=\"noopener noreferrer\">http:\/\/www.bandasfilarmonicas.com<\/a>.<\/li>\n<\/ul>\n<\/div>\n<\/div>\n","protected":false},"excerpt":{"rendered":"<p>As Bandas Filarm\u00f3nicas s\u00e3o um marco de refer\u00eancia na cultura portuguesa. A exist\u00eancia de cerca de oitocentas Bandas Filarm\u00f3nicas revela que o seu fomento est\u00e1, fortemente, enraizado na nossa sociedade.Este<\/p>\n<p class=\"more-link\"><a href=\"https:\/\/www.bandaparafita.net\/cms\/concurso-internacional-de-bandas\/\" class=\"readmore\">Ler mais&#8230;<span class=\"screen-reader-text\">Banda de Parafita em Concurso Internacional de Bandas<\/span><\/a><\/p>\n","protected":false},"author":3,"featured_media":0,"comment_status":"closed","ping_status":"closed","sticky":false,"template":"","format":"standard","meta":{"ngg_post_thumbnail":0,"footnotes":""},"categories":[10,1],"tags":[91,72,92,89,86,88,90,87],"class_list":["post-873","post","type-post","status-publish","format-standard","hentry","category-imagens","category-noticias","tag-academia-portuguesa-de-banda","tag-banda-de-parafita","tag-concurso-internacional","tag-delio-ferreira","tag-europarque","tag-ferrer-ferran","tag-filarmonia-doiro","tag-paulo-martins"],"_links":{"self":[{"href":"https:\/\/www.bandaparafita.net\/cms\/wp-json\/wp\/v2\/posts\/873","targetHints":{"allow":["GET"]}}],"collection":[{"href":"https:\/\/www.bandaparafita.net\/cms\/wp-json\/wp\/v2\/posts"}],"about":[{"href":"https:\/\/www.bandaparafita.net\/cms\/wp-json\/wp\/v2\/types\/post"}],"author":[{"embeddable":true,"href":"https:\/\/www.bandaparafita.net\/cms\/wp-json\/wp\/v2\/users\/3"}],"replies":[{"embeddable":true,"href":"https:\/\/www.bandaparafita.net\/cms\/wp-json\/wp\/v2\/comments?post=873"}],"version-history":[{"count":13,"href":"https:\/\/www.bandaparafita.net\/cms\/wp-json\/wp\/v2\/posts\/873\/revisions"}],"predecessor-version":[{"id":1406,"href":"https:\/\/www.bandaparafita.net\/cms\/wp-json\/wp\/v2\/posts\/873\/revisions\/1406"}],"wp:attachment":[{"href":"https:\/\/www.bandaparafita.net\/cms\/wp-json\/wp\/v2\/media?parent=873"}],"wp:term":[{"taxonomy":"category","embeddable":true,"href":"https:\/\/www.bandaparafita.net\/cms\/wp-json\/wp\/v2\/categories?post=873"},{"taxonomy":"post_tag","embeddable":true,"href":"https:\/\/www.bandaparafita.net\/cms\/wp-json\/wp\/v2\/tags?post=873"}],"curies":[{"name":"wp","href":"https:\/\/api.w.org\/{rel}","templated":true}]}}