{"id":863,"date":"2014-08-06T21:41:42","date_gmt":"2014-08-06T20:41:42","guid":{"rendered":"http:\/\/www.bandaparafita.net\/cms\/?p=863"},"modified":"2020-05-16T22:36:15","modified_gmt":"2020-05-16T21:36:15","slug":"convivio-de-verao","status":"publish","type":"post","link":"https:\/\/www.bandaparafita.net\/cms\/convivio-de-verao\/","title":{"rendered":"Conv\u00edvio de Ver\u00e3o"},"content":{"rendered":"<p>Vamos fazer uma actividade nova este ano. Dia 17 de Agosto vamos fazer o nosso 1.\u00ba Conv\u00edvio de Ver\u00e3o para angaria\u00e7\u00e3o de fundos.\u00a0 Teremos Churrasco, Sardinhada e servi\u00e7o de Bar. Al\u00e9m da anima\u00e7\u00e3o musical vamos ter tamb\u00e9m a passagem e exposi\u00e7\u00e3o do 2.\u00ba Conv\u00edvio de Carros Cl\u00e1ssicos de Montalegre.<\/p>\n<p>Divulguem, compare\u00e7am e contribuam para que esta festa seja um grande sucesso!<\/p>\n<p><a href=\"http:\/\/www.bandaparafita.net\/cms\/wp-content\/uploads\/2014\/08\/FlyerFesta2.jpg\"><img loading=\"lazy\" decoding=\"async\" class=\"aligncenter  wp-image-864\" alt=\"Conv\u00edvio de Ver\u00e3o 2014\" src=\"http:\/\/www.bandaparafita.net\/cms\/wp-content\/uploads\/2014\/08\/FlyerFesta2-725x1024.jpg\" width=\"645\" height=\"909\" srcset=\"https:\/\/www.bandaparafita.net\/cms\/wp-content\/uploads\/2014\/08\/FlyerFesta2-212x300.jpg 212w, https:\/\/www.bandaparafita.net\/cms\/wp-content\/uploads\/2014\/08\/FlyerFesta2.jpg 960w\" sizes=\"auto, (max-width: 645px) 100vw, 645px\" \/><\/a><\/p>\n","protected":false},"excerpt":{"rendered":"<p>Vamos fazer uma actividade nova este ano. Dia 17 de Agosto vamos fazer o nosso 1.\u00ba Conv\u00edvio de Ver\u00e3o para angaria\u00e7\u00e3o de fundos. Al\u00e9m da anima\u00e7\u00e3o musical vamos ter tamb\u00e9m a passagem e exposi\u00e7\u00e3o do 2.\u00ba Conv\u00edvio de Carros Cl\u00e1ssicos de Montalegre. Divulguem, compare\u00e7am e contribuam para que esta festa seja um grande sucesso! &hellip; <a href=\"https:\/\/www.bandaparafita.net\/cms\/convivio-de-verao\/\" class=\"more-link\"><span class=\"readmore\">Ler mais&#8230;<span class=\"screen-reader-text\">Conv\u00edvio de Ver\u00e3o<\/span><\/span><\/a><\/p>\n","protected":false},"author":4,"featured_media":0,"comment_status":"closed","ping_status":"closed","sticky":false,"template":"","format":"standard","meta":{"ngg_post_thumbnail":0,"footnotes":""},"categories":[10,1],"tags":[85,37,71,78,84],"class_list":["post-863","post","type-post","status-publish","format-standard","hentry","category-imagens","category-noticias","tag-arraial","tag-banda","tag-concerto-de-verao","tag-convivio","tag-verao"],"_links":{"self":[{"href":"https:\/\/www.bandaparafita.net\/cms\/wp-json\/wp\/v2\/posts\/863","targetHints":{"allow":["GET"]}}],"collection":[{"href":"https:\/\/www.bandaparafita.net\/cms\/wp-json\/wp\/v2\/posts"}],"about":[{"href":"https:\/\/www.bandaparafita.net\/cms\/wp-json\/wp\/v2\/types\/post"}],"author":[{"embeddable":true,"href":"https:\/\/www.bandaparafita.net\/cms\/wp-json\/wp\/v2\/users\/4"}],"replies":[{"embeddable":true,"href":"https:\/\/www.bandaparafita.net\/cms\/wp-json\/wp\/v2\/comments?post=863"}],"version-history":[{"count":4,"href":"https:\/\/www.bandaparafita.net\/cms\/wp-json\/wp\/v2\/posts\/863\/revisions"}],"predecessor-version":[{"id":869,"href":"https:\/\/www.bandaparafita.net\/cms\/wp-json\/wp\/v2\/posts\/863\/revisions\/869"}],"wp:attachment":[{"href":"https:\/\/www.bandaparafita.net\/cms\/wp-json\/wp\/v2\/media?parent=863"}],"wp:term":[{"taxonomy":"category","embeddable":true,"href":"https:\/\/www.bandaparafita.net\/cms\/wp-json\/wp\/v2\/categories?post=863"},{"taxonomy":"post_tag","embeddable":true,"href":"https:\/\/www.bandaparafita.net\/cms\/wp-json\/wp\/v2\/tags?post=863"}],"curies":[{"name":"wp","href":"https:\/\/api.w.org\/{rel}","templated":true}]}}