{"id":76,"date":"2009-07-23T15:30:11","date_gmt":"2009-07-23T15:30:11","guid":{"rendered":"http:\/\/www.bandaparafita.net\/cms\/?p=76"},"modified":"2020-05-13T20:36:29","modified_gmt":"2020-05-13T19:36:29","slug":"workshop-verao09-orquestra-metropolitana-de-lisboa","status":"publish","type":"post","link":"https:\/\/www.bandaparafita.net\/cms\/workshop-verao09-orquestra-metropolitana-de-lisboa\/","title":{"rendered":"Workshop Ver\u00e3o&#8217;09 &#8211; Orquestra Metropolitana de Lisboa"},"content":{"rendered":"<p style=\"text-align: justify;\"><strong>Montalegre recebeu de 11 a 19 deste m\u00eas, nas  instala\u00e7\u00f5es do Pavilh\u00e3o Multiusos, o Workshop Ver\u00e3o\u201909 &#8211; Orquestra  Metropolitana de Lisboa (OML) J\u00fanior que pela primeira vez decorreu fora  de Lisboa. Falamos de um evento do Conservat\u00f3rio Metropolitano de  M\u00fasica de Lisboa, destinado a instrumentistas com idades compreendidas  entre os 9 e os 21 anos.  Destes dias de trabalho resultaram dois concertos, um deles, em  Montalegre, no Audit\u00f3rio Municipal.<\/strong><\/p>\n<p style=\"text-align: justify;\"><strong><br \/>\n<\/strong><\/p>\n<div style=\"text-align: justify;\">Encerrou com chave de ouro\u00a0o  Workshop Ver\u00e3o\u201909 &#8211; OML J\u00fanior, evento realizado na vila de Montalegre  de 11 a 19 deste m\u00eas. Foi a primeira vez que uma iniciativa deste g\u00e9nero  foi feita fora de Lisboa.<\/div>\n<div style=\"text-align: justify;\">Lembre-se que o Workshop destina-se a instrumentistas com idades  compreendidas entre os 9 e os 21 anos de idade. Durante sete dias, os  participantes tiveram oportunidade de adquirir experi\u00eancia enquanto  m\u00fasicos de orquestra num ambiente muito especial. Para al\u00e9m de todo o  trabalho musical desenvolvido, houve outras actividades lectivas e  l\u00fadicas. Desenvolveram-se igualmente diversas actividades ao ar livre,  visitas a monumentos e sess\u00f5es ecol\u00f3gicas, entre outras, permitindo aos  participantes usufruir do potencial tur\u00edstico do concelho de Montalegre.<\/div>\n<div style=\"text-align: justify;\">Os alunos foram supervisionados por um corpo docente de 2 Maestros,  19 professores, e 3 monitores que os auxiliaram em todas as  actividades, assim como um monitor principal.<\/div>\n<div style=\"text-align: justify;\">\u00c0 semelhan\u00e7a da edi\u00e7\u00e3o WSP\u201909, pretendeu-se aumentar o n\u00edvel de  dificuldade do repert\u00f3rio interpretado, articulando uma vez mais o  estudo das partituras com os professores de instrumento dos alunos das  diferentes escolas do pa\u00eds.<\/div>\n<div style=\"text-align: justify;\">\n<p><strong> <\/strong><\/p>\n<div style=\"text-align: justify;\"><strong><strong>PEDRO E O LOBO<\/strong><\/strong><\/div>\n<div style=\"text-align: justify;\"><\/div>\n<div style=\"text-align: justify;\">A obra que esteve em destaque neste  curso\u00a0foi o &#8220;Pedro e o Lobo&#8221; de Sergei Prokofiev, executada com a  projec\u00e7\u00e3o simult\u00e2nea do filme de anima\u00e7\u00e3o de Suzie Templeton, vencedor  de um \u00d3scar\u00a0em Hollywood.<\/div>\n<div style=\"text-align: justify;\">\n<p><strong><strong> <\/strong><\/strong><\/p>\n<div style=\"text-align: justify;\"><strong><strong><strong>CONCERTO ESGOTOU<\/strong><\/strong><\/strong><\/div>\n<div style=\"text-align: justify;\"><strong><strong><strong>AUDIT\u00d3RIO MUNICIPAL<\/strong><\/strong><\/strong><\/div>\n<div style=\"text-align: justify;\"><\/div>\n<div style=\"text-align: justify;\">Como foi referido, deste  encontro\u00a0resultaram dois concertos. O primeiro, no passado s\u00e1bado, no  Audit\u00f3rio Municipal e um dia depois no EUROPARQUE, em Santa Maria da  Feira.<\/div>\n<div style=\"text-align: justify;\">Em Montalegre, o espect\u00e1culo foi  grandioso com muita gente presente como facilmente se pode comprovar  pelas fotos anexas.<\/div>\n<div style=\"text-align: justify;\"><strong><strong><strong>Referir que este workshop teve o  suporte da Banda Musical de Parafita ao n\u00edvel de instrumentos de  percuss\u00e3o e outros materiais, colectividade presente com 13 m\u00fasicos na  forma\u00e7\u00e3o da orquestra.<\/strong><\/strong><\/strong><\/div>\n<div style=\"text-align: justify;\"><\/div>\n<div style=\"text-align: justify;\">ngg_shortcode_0_placeholder<\/div>\n<div style=\"text-align: justify;\"><strong><strong><strong><br \/>\n<\/strong><\/strong><\/strong><\/div>\n<\/div>\n<\/div>\n","protected":false},"excerpt":{"rendered":"<p>Montalegre recebeu de 11 a 19 deste m\u00eas, nas instala\u00e7\u00f5es do Pavilh\u00e3o Multiusos, o Workshop Ver\u00e3o\u201909 &#8211; Orquestra Metropolitana de Lisboa (OML) J\u00fanior que pela primeira vez decorreu fora de Lisboa. Falamos de um evento do Conservat\u00f3rio Metropolitano de M\u00fasica de Lisboa, destinado a instrumentistas com idades compreendidas entre os 9 e os 21 anos. Destes dias de trabalho resultaram dois concertos, um deles, em Montalegre, no Audit\u00f3rio Municipal. &hellip; <a href=\"https:\/\/www.bandaparafita.net\/cms\/workshop-verao09-orquestra-metropolitana-de-lisboa\/\" class=\"more-link\"><span class=\"readmore\">Ler mais&#8230;<span class=\"screen-reader-text\">Workshop Ver\u00e3o&#8217;09 &#8211; Orquestra Metropolitana de Lisboa<\/span><\/span><\/a><\/p>\n","protected":false},"author":4,"featured_media":0,"comment_status":"closed","ping_status":"closed","sticky":false,"template":"","format":"standard","meta":{"ngg_post_thumbnail":0,"footnotes":""},"categories":[10,1],"tags":[6,4,14,11,12,7,13],"class_list":["post-76","post","type-post","status-publish","format-standard","hentry","category-imagens","category-noticias","tag-auditorio","tag-concerto","tag-estagio","tag-julho","tag-metropolitana","tag-montalegre","tag-workshop"],"_links":{"self":[{"href":"https:\/\/www.bandaparafita.net\/cms\/wp-json\/wp\/v2\/posts\/76","targetHints":{"allow":["GET"]}}],"collection":[{"href":"https:\/\/www.bandaparafita.net\/cms\/wp-json\/wp\/v2\/posts"}],"about":[{"href":"https:\/\/www.bandaparafita.net\/cms\/wp-json\/wp\/v2\/types\/post"}],"author":[{"embeddable":true,"href":"https:\/\/www.bandaparafita.net\/cms\/wp-json\/wp\/v2\/users\/4"}],"replies":[{"embeddable":true,"href":"https:\/\/www.bandaparafita.net\/cms\/wp-json\/wp\/v2\/comments?post=76"}],"version-history":[{"count":7,"href":"https:\/\/www.bandaparafita.net\/cms\/wp-json\/wp\/v2\/posts\/76\/revisions"}],"predecessor-version":[{"id":1414,"href":"https:\/\/www.bandaparafita.net\/cms\/wp-json\/wp\/v2\/posts\/76\/revisions\/1414"}],"wp:attachment":[{"href":"https:\/\/www.bandaparafita.net\/cms\/wp-json\/wp\/v2\/media?parent=76"}],"wp:term":[{"taxonomy":"category","embeddable":true,"href":"https:\/\/www.bandaparafita.net\/cms\/wp-json\/wp\/v2\/categories?post=76"},{"taxonomy":"post_tag","embeddable":true,"href":"https:\/\/www.bandaparafita.net\/cms\/wp-json\/wp\/v2\/tags?post=76"}],"curies":[{"name":"wp","href":"https:\/\/api.w.org\/{rel}","templated":true}]}}