{"id":684,"date":"2013-10-19T11:52:08","date_gmt":"2013-10-19T10:52:08","guid":{"rendered":"http:\/\/www.bandaparafita.net\/cms\/?p=684"},"modified":"2020-05-16T22:36:37","modified_gmt":"2020-05-16T21:36:37","slug":"banda-apresenta-novo-maestro-2","status":"publish","type":"post","link":"https:\/\/www.bandaparafita.net\/cms\/banda-apresenta-novo-maestro-2\/","title":{"rendered":"Banda apresenta novo maestro"},"content":{"rendered":"<p style=\"text-align: justify;\"><strong>Fernando Moreira<\/strong> \u00e9 o novo maestro da Banda Musical de Parafita.<\/p>\n<p style=\"text-align: justify;\">Fernando Moreira nasceu em Rio Tinto em 1979.\u00a0 Iniciou a sua forma\u00e7\u00e3o em obo\u00e9 os 7 anos na Escola da Banda de M\u00fasica dos STCP (Servi\u00e7os de Transportes Coletivos do Porto).<\/p>\n<p style=\"text-align: justify;\">Aos 13 anos ingressou no Conservat\u00f3rio de M\u00fasica do Porto, na classe de obo\u00e9 da Professora Ellen Teles.<\/p>\n<p style=\"text-align: justify;\">Dois anos mais tarde continuou a sua forma\u00e7\u00e3o em obo\u00e9 na <strong>Escola Profissional de M\u00fasica de Espinho<\/strong> onde terminou o curso de Pr\u00e1tica Orquestral.<\/p>\n<p style=\"text-align: justify;\">Em 1997 Ingressou na<strong> Escola Superior de Musica e Artes do Espet\u00e1culo &#8211; Porto<\/strong> na classe de obo\u00e9 do Professor Ricardo Lopes.<\/p>\n<p style=\"text-align: justify;\">Participou em diversos <strong>cursos\/mastercalsses de direc\u00e7\u00e3o<\/strong> de orquestra e coral:<\/p>\n<ul style=\"text-align: justify;\">\n<li>1998 Curso de Direc\u00e7\u00e3o de Orquestra com maestros Robert Houlihan e Ant\u00f3nio Saiote<\/li>\n<li>2006 Curso de Direc\u00e7\u00e3o Coral com maestro Myguel Santos e Castro<\/li>\n<li>2007 Curso de Direc\u00e7\u00e3o Coral com maestro Filipe Carvalheiro<\/li>\n<li>2008 Curso de Direc\u00e7\u00e3o de Orquestra com maestro Filipe Carvalheiro<\/li>\n<li>2009 Masterclass de Direc\u00e7\u00e3o Coral com o Maestro Jorge Matta<\/li>\n<\/ul>\n<p style=\"text-align: justify;\">Em 2008 ingressou na <strong>Licenciatura em Direc\u00e7\u00e3o da Universidade do Minho<\/strong>.<\/p>\n<p style=\"text-align: justify;\">Encontra-se desde 2012 a estudar <strong>direc\u00e7\u00e3o de banda\/orquestra de sopros<\/strong> com o maestro <strong>Paulo Martins<\/strong> na <strong>Academia Portuguesa de Banda<\/strong>.<\/p>\n<p style=\"text-align: justify;\">Como <strong>obo\u00edsta<\/strong>, foi membro das Orquestras\/Bandas:<\/p>\n<ul style=\"text-align: justify;\">\n<li>Orquestra das Escolares Particulares \u2013 Maestro Leonardo de Barros<\/li>\n<li>Sinfonieta \u2013 Orquestra do Norte<\/li>\n<li>Orquestra de Sopros dos Templ\u00e1rios \u2013 Maestro Ant\u00f3nio Saiote<\/li>\n<li>Camerata Bracarense<\/li>\n<li>Foi Obo\u00edsta nas Banda dos STCP, Banda de Carregosa, Banda de Rio Tinto, Banda de Lousada, Banda de Salzedas e Banda de Rio Mau.<\/li>\n<\/ul>\n<p style=\"text-align: justify;\">Desde 1999 at\u00e9 ao presente foi <strong>maestro<\/strong> e colaborou com v\u00e1rios grupos corais e orfe\u00f5es (Coro Infantil de Soutelo, Coro Madrigal, Coro de C\u00e2mara da Licenciatura em M\u00fasica da Universidade do Minho, Orfe\u00e3o Famalicense, Orfe\u00e3o PortusCale do Banco BPI) .<\/p>\n<p style=\"text-align: justify;\"><strong>Professor de M\u00fasica, Educa\u00e7\u00e3o Musical e Express\u00e3o Musical<\/strong> em V\u00e1rias escolas de 1.\u00ba 2.\u00ba Ciclos e AEC entre 1997 e 2013 (Actual).<\/p>\n<p style=\"text-align: justify;\">Foi<strong> professor no Conservat\u00f3rio de M\u00fasica da Jobra<\/strong> &#8211; Albergaria-a-Velha (2010\/2011).<\/p>\n<p style=\"text-align: justify;\">Foi <strong>professor na escola Companhia da M\u00fasica<\/strong> &#8211; Braga (2010\/2012).<\/p>\n<p style=\"text-align: justify;\">\u00c9 o actual <strong>Director Art\u00edstico (<strong>e Director Pedag\u00f3gico da Escola de M\u00fasica)<\/strong> da Banda Musical de Parafita<\/strong>.<\/p>\n","protected":false},"excerpt":{"rendered":"<p>Fernando Moreira \u00e9 o novo maestro da Banda Musical de Parafita. &hellip; <a href=\"https:\/\/www.bandaparafita.net\/cms\/banda-apresenta-novo-maestro-2\/\" class=\"more-link\"><span class=\"readmore\">Ler mais&#8230;<span class=\"screen-reader-text\">Banda apresenta novo maestro<\/span><\/span><\/a><\/p>\n","protected":false},"author":3,"featured_media":0,"comment_status":"closed","ping_status":"closed","sticky":false,"template":"","format":"standard","meta":{"ngg_post_thumbnail":0,"footnotes":""},"categories":[10],"tags":[37,76,74,75],"class_list":["post-684","post","type-post","status-publish","format-standard","hentry","category-imagens","tag-banda","tag-fernando-moreira","tag-maestro","tag-novo"],"_links":{"self":[{"href":"https:\/\/www.bandaparafita.net\/cms\/wp-json\/wp\/v2\/posts\/684","targetHints":{"allow":["GET"]}}],"collection":[{"href":"https:\/\/www.bandaparafita.net\/cms\/wp-json\/wp\/v2\/posts"}],"about":[{"href":"https:\/\/www.bandaparafita.net\/cms\/wp-json\/wp\/v2\/types\/post"}],"author":[{"embeddable":true,"href":"https:\/\/www.bandaparafita.net\/cms\/wp-json\/wp\/v2\/users\/3"}],"replies":[{"embeddable":true,"href":"https:\/\/www.bandaparafita.net\/cms\/wp-json\/wp\/v2\/comments?post=684"}],"version-history":[{"count":19,"href":"https:\/\/www.bandaparafita.net\/cms\/wp-json\/wp\/v2\/posts\/684\/revisions"}],"predecessor-version":[{"id":729,"href":"https:\/\/www.bandaparafita.net\/cms\/wp-json\/wp\/v2\/posts\/684\/revisions\/729"}],"wp:attachment":[{"href":"https:\/\/www.bandaparafita.net\/cms\/wp-json\/wp\/v2\/media?parent=684"}],"wp:term":[{"taxonomy":"category","embeddable":true,"href":"https:\/\/www.bandaparafita.net\/cms\/wp-json\/wp\/v2\/categories?post=684"},{"taxonomy":"post_tag","embeddable":true,"href":"https:\/\/www.bandaparafita.net\/cms\/wp-json\/wp\/v2\/tags?post=684"}],"curies":[{"name":"wp","href":"https:\/\/api.w.org\/{rel}","templated":true}]}}