{"id":610,"date":"2013-08-26T12:22:32","date_gmt":"2013-08-26T11:22:32","guid":{"rendered":"http:\/\/www.bandaparafita.net\/cms\/?p=610"},"modified":"2020-05-13T20:36:07","modified_gmt":"2020-05-13T19:36:07","slug":"concerto-de-verao-2013","status":"publish","type":"post","link":"https:\/\/www.bandaparafita.net\/cms\/concerto-de-verao-2013\/","title":{"rendered":"Concerto de Ver\u00e3o 2013"},"content":{"rendered":"<p style=\"text-align: justify;\" align=\"justify\"><b>\u00c0 semelhan\u00e7a de anos anteriores, voltou a decorrer, no audit\u00f3rio municipal de Montalegre, o concerto de ver\u00e3o com grupos locais. Este ano, a presen\u00e7a resumiu-se \u00e0 atua\u00e7\u00e3o da Banda Musical de Parafita. Orlando Alves, vice presidente da autarquia, afirmou \u00ab\u00e9 bom ver que a popula\u00e7\u00e3o continua a corresponder ao desafio e vem aplaudir os nossos \u00eddolos\u00bb.<\/b><\/p>\n<div style=\"text-align: justify;\">\n<hr \/>\n<p>Tal como aconteceu em edi\u00e7\u00f5es passadas, tamb\u00e9m nesta edi\u00e7\u00e3o das Festas Concelhias teve lugar uma noite dedicada \u00e0 atua\u00e7\u00e3o de grupos locais. Este ano fica marcado pela atua\u00e7\u00e3o a solo da Banda Musical de Parafita que, para Orlando Alves, vice presidente da C\u00e2mara Municipal de Montalegre, foi \u00abum dos momentos mais solenes das festividades concelhias\u00bb. Nessa linha, mostrou-se feliz por \u00abver que a popula\u00e7\u00e3o continua a corresponder ao desafio e vem aplaudir os nossos \u00eddolos\u00bb.<\/p>\n<\/div>\n<div style=\"text-align: justify;\"><\/div>\n<div style=\"text-align: justify;\"><strong>\u00abCONCERTO AGRAD\u00c1VEL\u00bb<\/strong><\/div>\n<div style=\"text-align: justify;\"><\/div>\n<div style=\"text-align: justify;\">Por sua vez, Ant\u00f3nio Coelho, maestro da coletividade musical, referiu que \u00abfoi um concerto muito agrad\u00e1vel, numa noite encantadora\u00bb. Apesar de \u00abno inicio estar pouca gente, a plateia foi-se compondo\u00bb. Todavia, lamentou que \u00abas outras coletividades do concelho n\u00e3o tenham estado presentes, uma vez que seriam um complemento para o espet\u00e1culo\u00bb.<\/div>\n<div style=\"text-align: justify;\"><\/div>\n<div style=\"text-align: center;\">ngg_shortcode_0_placeholder<\/div>\n","protected":false},"excerpt":{"rendered":"<p>\u00c0 semelhan\u00e7a de anos anteriores, voltou a decorrer, no audit\u00f3rio municipal de Montalegre, o concerto de ver\u00e3o com grupos locais. Este ano, a presen\u00e7a resumiu-se \u00e0 atua\u00e7\u00e3o da Banda Musical de Parafita. Orlando Alves, vice presidente da autarquia, afirmou \u00ab\u00e9 bom ver que a popula\u00e7\u00e3o continua a corresponder ao desafio e vem aplaudir os nossos \u00eddolos\u00bb. &hellip; <a href=\"https:\/\/www.bandaparafita.net\/cms\/concerto-de-verao-2013\/\" class=\"more-link\"><span class=\"readmore\">Ler mais&#8230;<span class=\"screen-reader-text\">Concerto de Ver\u00e3o 2013<\/span><\/span><\/a><\/p>\n","protected":false},"author":3,"featured_media":0,"comment_status":"closed","ping_status":"closed","sticky":false,"template":"","format":"standard","meta":{"ngg_post_thumbnail":0,"footnotes":""},"categories":[10,1],"tags":[73,72,71,7],"class_list":["post-610","post","type-post","status-publish","format-standard","hentry","category-imagens","category-noticias","tag-2013-concerto-agradavel","tag-banda-de-parafita","tag-concerto-de-verao","tag-montalegre"],"_links":{"self":[{"href":"https:\/\/www.bandaparafita.net\/cms\/wp-json\/wp\/v2\/posts\/610","targetHints":{"allow":["GET"]}}],"collection":[{"href":"https:\/\/www.bandaparafita.net\/cms\/wp-json\/wp\/v2\/posts"}],"about":[{"href":"https:\/\/www.bandaparafita.net\/cms\/wp-json\/wp\/v2\/types\/post"}],"author":[{"embeddable":true,"href":"https:\/\/www.bandaparafita.net\/cms\/wp-json\/wp\/v2\/users\/3"}],"replies":[{"embeddable":true,"href":"https:\/\/www.bandaparafita.net\/cms\/wp-json\/wp\/v2\/comments?post=610"}],"version-history":[{"count":11,"href":"https:\/\/www.bandaparafita.net\/cms\/wp-json\/wp\/v2\/posts\/610\/revisions"}],"predecessor-version":[{"id":731,"href":"https:\/\/www.bandaparafita.net\/cms\/wp-json\/wp\/v2\/posts\/610\/revisions\/731"}],"wp:attachment":[{"href":"https:\/\/www.bandaparafita.net\/cms\/wp-json\/wp\/v2\/media?parent=610"}],"wp:term":[{"taxonomy":"category","embeddable":true,"href":"https:\/\/www.bandaparafita.net\/cms\/wp-json\/wp\/v2\/categories?post=610"},{"taxonomy":"post_tag","embeddable":true,"href":"https:\/\/www.bandaparafita.net\/cms\/wp-json\/wp\/v2\/tags?post=610"}],"curies":[{"name":"wp","href":"https:\/\/api.w.org\/{rel}","templated":true}]}}