{"id":586,"date":"2013-06-25T23:45:28","date_gmt":"2013-06-25T22:45:28","guid":{"rendered":"http:\/\/www.bandaparafita.net\/cms\/?p=586"},"modified":"2020-05-13T20:36:07","modified_gmt":"2020-05-13T19:36:07","slug":"ii-festival-musica-junior-27-julho-a-4-agosto-2","status":"publish","type":"post","link":"https:\/\/www.bandaparafita.net\/cms\/ii-festival-musica-junior-27-julho-a-4-agosto-2\/","title":{"rendered":"II Festival M\u00fasica J\u00fanior &#8211; 27 Julho a 4 Agosto"},"content":{"rendered":"<p style=\"text-align: justify;\" align=\"justify\"><b>Depois do sucesso do ano anterior, Montalegre volta a receber mais um Festival de M\u00fasica J\u00fanior, evento pedag\u00f3gico e art\u00edstico que promete ser uma das refer\u00eancias do ano. Ao longo de nove dias, cerca de 200 estudantes, oriundos das melhores escolas de m\u00fasica de Portugal e de Espanha, est\u00e3o no Pavilh\u00e3o Multiusos, \u00abcom ensaios de Naipe e Tutti, Master-Classes, concertos da Orquestra de Cordas e Orquestra Sinf\u00f3nica, Big Band e Coro, supervisionados por um coletivo dos melhores professores dos dois pa\u00edses, num ambiente musical \u00fanico e com o especial sabor das f\u00e9rias\u00bb. Dia 2 de Agosto d\u00e1-se o concerto de encerramento em Montalegre. Dois dias depois acontece em Santa Maria da Feira.<\/b><\/p>\n<p>&nbsp;<\/p>\n<hr \/>\n<div style=\"text-align: justify;\">\u00abDe\u00a0<strong>27 de Julho a 4 de Agosto<\/strong>, a vila de\u00a0<strong>Montalegre<\/strong>\u00a0recebe o evento pedag\u00f3gico e art\u00edstico mais entusiasmante de 2013! Cerca de 150 a 200 estudantes, oriundos das melhores escolas de m\u00fasica de Portugal e de Espanha, v\u00e3o estar ao longo de nove dias em intensa atividade musical, no\u00a0<strong>Pavilh\u00e3o Multiusos de Montalegre<\/strong>, com\u00a0<strong>ensaios de Naipe e Tutti, Master-Classes, concertos da Orquestra de Cordas e Orquestra Sinf\u00f3nica, Big Band e Coro<\/strong>, supervisionados por um coletivo dos melhores professores dos dois pa\u00edses, num ambiente musical \u00fanico e com o especial sabor das f\u00e9rias.<\/div>\n<div style=\"text-align: justify;\"><strong>As inscri\u00e7\u00f5es para o\u00a0<a href=\"http:\/\/www.fmj.pt\/verao2013\/\"><em>FESTIVAL M\u00daSICA J\u00daNIOR<\/em><\/a>\u00a0est\u00e3o abertas desde o dia 3 de Junho em<\/strong>\u00a0<a href=\"http:\/\/www.fmj.pt\/\">www.fmj.pt<\/a>\u00a0e cada inscri\u00e7\u00e3o custa entre 210\u20ac e 310\u20ac (inclui transporte a partir de Lisboa, Porto ou Zamora, alojamento, alimenta\u00e7\u00e3o e atividades letivas e l\u00fadicas). Este ano, ser\u00e1 dado mais um passo no desenvolvimento de um Festival de M\u00fasica Erudita e de Jazz de \u00e2mbito internacional vocacionado para uma faixa et\u00e1ria\u00a0<strong>entre os 8 e os 21 anos de idade<\/strong>.<\/div>\n<div style=\"text-align: justify;\"><strong><em>O HUMOR E A M\u00daSICA<\/em><\/strong>\u00a0foi o tema escolhido para a edi\u00e7\u00e3o deste ano do\u00a0<strong><em>FESTIVAL M\u00daSICA J\u00daNIOR<\/em><\/strong>\u00a0tendo como convidado especial o\u00a0<strong>humorista Carlos Moura<\/strong>.<\/div>\n<div style=\"text-align: justify;\">No final no\u00a0<strong>EST\u00c1GIO DE VER\u00c3O<\/strong>, os alunos v\u00e3o apresentar todo o seu\u00a0valor musical e art\u00edstico num espet\u00e1culo c\u00f3mico\u00a0<em>sui generis<\/em>\u00a0em Montalegre, mas tamb\u00e9m em Santa Maria da Feira. Estes espet\u00e1culos v\u00e3o ser criados a partir de uma sele\u00e7\u00e3o de obras de compositores cl\u00e1ssicos, como Vivaldi ou Ravel, e de individualidades do Jazz, Pop, Rock e at\u00e9 mesmo do Rap, em momentos onde se alia o humor \u00e0<em>performance<\/em>. Em suma, um espet\u00e1culo que apresenta em flashback\u00a0<em>TODA A HIST\u00d3RIA DA M\u00daSICA\u2026 exceto as partes que n\u00e3o nos interessam!\u00bb.<\/em><\/div>\n<div style=\"text-align: justify;\"><\/div>\n<div style=\"text-align: justify;\"><strong>Concertos de encerramento do<\/strong>\u00a0<strong>EST\u00c1GIO DE VER\u00c3O &#8211;\u00a0<em>FESTIVAL M\u00daSICA J\u00daNIOR<\/em><\/strong><\/div>\n<div style=\"text-align: justify;\"><em>Montalegre &#8211; 2 de Agosto \u2013 Audit\u00f3rio Municipal de Montalegre<\/em><\/div>\n<div style=\"text-align: justify;\">Santa Maria da Feira &#8211; 4 de Agosto \u2013 EuroParque<\/div>\n<div style=\"text-align: justify;\"><\/div>\n<div style=\"text-align: justify;\"><span style=\"text-decoration: underline;\"><strong>CONTACTOS<\/strong><\/span><\/div>\n<div style=\"text-align: justify;\"><\/div>\n<div style=\"text-align: justify;\"><strong>FOLLOWSPOT<\/strong><\/div>\n<div style=\"text-align: justify;\">Rua Bas\u00edlio Teles, N\u00ba1 1\u00baA 2740-125 Porto Salvo Oeiras<\/div>\n<div style=\"text-align: justify;\">Ant\u00f3nio Jorge Nogueira \u2013 91 918 78 96<\/div>\n<div style=\"text-align: justify;\">e-mail:\u00a0<a href=\"mailto:geral@followspot.pt\">geral@followspot.pt<\/a><\/div>\n<div style=\"text-align: justify;\">site:\u00a0<a href=\"http:\/\/www.followspot.pt\/\" target=\"_blank\" rel=\"noopener noreferrer\">www.followspot.pt<\/a><\/div>\n<div style=\"text-align: justify;\"><\/div>\n<div style=\"text-align: justify;\"><strong>SECRETARIADO<\/strong><strong>\u00a0FESTIVAL M\u00daSICA J\u00daNIOR<\/strong><\/div>\n<div style=\"text-align: justify;\">Isabel Ferreira &#8211;\u00a021 803 71 19 \/ 92 911 80 35<\/div>\n<div style=\"text-align: justify;\">e-mail:\u00a0<a href=\"mailto:geral@fmj.pt\">geral@fmj.pt<\/a><\/div>\n<div style=\"text-align: justify;\">site:\u00a0<a href=\"http:\/\/www.fmj.pt\/\">www.fmj.pt<\/a><\/div>\n<p>&nbsp;<\/p>\n","protected":false},"excerpt":{"rendered":"<p>Depois do sucesso do ano anterior, Montalegre volta a receber mais um Festival de M\u00fasica J\u00fanior, evento pedag\u00f3gico e art\u00edstico que promete ser uma das refer\u00eancias do ano. Ao longo<\/p>\n<p class=\"more-link\"><a href=\"https:\/\/www.bandaparafita.net\/cms\/ii-festival-musica-junior-27-julho-a-4-agosto-2\/\" class=\"readmore\">Ler mais&#8230;<span class=\"screen-reader-text\">II Festival M\u00fasica J\u00fanior &#8211; 27 Julho a 4 Agosto<\/span><\/a><\/p>\n","protected":false},"author":3,"featured_media":0,"comment_status":"closed","ping_status":"closed","sticky":false,"template":"","format":"standard","meta":{"ngg_post_thumbnail":0,"footnotes":""},"categories":[10],"tags":[50,70,69,67,68,66,65,7],"class_list":["post-586","post","type-post","status-publish","format-standard","hentry","category-imagens","tag-50","tag-antonio-nogueira","tag-auditorio-municipal","tag-carlos-moura","tag-estagio-de-verao","tag-festival-de-musica-junior","tag-fmj","tag-montalegre"],"_links":{"self":[{"href":"https:\/\/www.bandaparafita.net\/cms\/wp-json\/wp\/v2\/posts\/586","targetHints":{"allow":["GET"]}}],"collection":[{"href":"https:\/\/www.bandaparafita.net\/cms\/wp-json\/wp\/v2\/posts"}],"about":[{"href":"https:\/\/www.bandaparafita.net\/cms\/wp-json\/wp\/v2\/types\/post"}],"author":[{"embeddable":true,"href":"https:\/\/www.bandaparafita.net\/cms\/wp-json\/wp\/v2\/users\/3"}],"replies":[{"embeddable":true,"href":"https:\/\/www.bandaparafita.net\/cms\/wp-json\/wp\/v2\/comments?post=586"}],"version-history":[{"count":10,"href":"https:\/\/www.bandaparafita.net\/cms\/wp-json\/wp\/v2\/posts\/586\/revisions"}],"predecessor-version":[{"id":1408,"href":"https:\/\/www.bandaparafita.net\/cms\/wp-json\/wp\/v2\/posts\/586\/revisions\/1408"}],"wp:attachment":[{"href":"https:\/\/www.bandaparafita.net\/cms\/wp-json\/wp\/v2\/media?parent=586"}],"wp:term":[{"taxonomy":"category","embeddable":true,"href":"https:\/\/www.bandaparafita.net\/cms\/wp-json\/wp\/v2\/categories?post=586"},{"taxonomy":"post_tag","embeddable":true,"href":"https:\/\/www.bandaparafita.net\/cms\/wp-json\/wp\/v2\/tags?post=586"}],"curies":[{"name":"wp","href":"https:\/\/api.w.org\/{rel}","templated":true}]}}