{"id":29,"date":"2009-04-26T19:29:45","date_gmt":"2009-04-26T19:29:45","guid":{"rendered":"http:\/\/www.bandaparafita.net\/cms\/?p=29"},"modified":"2020-05-13T20:36:29","modified_gmt":"2020-05-13T19:36:29","slug":"35-anos-do-25-de-abril","status":"publish","type":"post","link":"https:\/\/www.bandaparafita.net\/cms\/35-anos-do-25-de-abril\/","title":{"rendered":"35 anos do 25 de Abril"},"content":{"rendered":"<p><strong>Montalegre voltou a lembrar Abril de modo solene. Banda de Parafita e Bombeiros Volunt\u00e1rios de Montalegre, unidos, invocaram a &#8220;Revolu\u00e7\u00e3o dos Cravos&#8221;, numa cerim\u00f3nia presidida pela vereadora da educa\u00e7\u00e3o, F\u00e1tima Fernandes. <\/strong><\/p>\n<div>Os 35 anos do 25 de Abril foram lembrados na habitual cerim\u00f3nia solene que acontece, ano ap\u00f3s ano, na Pra\u00e7a do Munic\u00edpio de Montalegre. A efem\u00e9ride foi assinalada com as presen\u00e7as dos elementos da Banda de Parafita e Bombeiros Volunt\u00e1rios de Montalegre onde foi feito o hastear da bandeira e o c\u00e2ntico do hino nacional, momento alto do encontro.<\/div>\n<div>Finda a cerim\u00f3nia, a Banda de Parafita fez a arruada pela zona hist\u00f3rica da vila de Montalegre.<\/div>\n<div>A partir das 15h00 assistiu-se, no Audit\u00f3rio Municipal, a uma tarde musical com um\u00a0concerto da Banda Musical de Parafita com algumas participa\u00e7\u00f5es de convidados surpreendentes. Desde o excelente trompetista espanhol Eliseo Pen\u00edn que executou a solo a virtuosa obra &#8220;La Virgen de la Macarena&#8221;, at\u00e9 \u00e0 inclus\u00e3o de um grupo de concertinas que interpretou uma raps\u00f3dia em conjunto com a banda.<\/div>\n","protected":false},"excerpt":{"rendered":"<p>Montalegre voltou a lembrar Abril de modo solene. Banda de Parafita e Bombeiros Volunt\u00e1rios de Montalegre, unidos, invocaram a &#8220;Revolu\u00e7\u00e3o dos Cravos&#8221;, numa cerim\u00f3nia presidida pela vereadora da educa\u00e7\u00e3o, F\u00e1tima Fernandes.  &hellip; <a href=\"https:\/\/www.bandaparafita.net\/cms\/35-anos-do-25-de-abril\/\" class=\"more-link\"><span class=\"readmore\">Ler mais&#8230;<span class=\"screen-reader-text\">35 anos do 25 de Abril<\/span><\/span><\/a><\/p>\n","protected":false},"author":4,"featured_media":0,"comment_status":"closed","ping_status":"closed","sticky":false,"template":"","format":"standard","meta":{"ngg_post_thumbnail":0,"footnotes":""},"categories":[10,1],"tags":[9,6,4,7],"class_list":["post-29","post","type-post","status-publish","format-standard","hentry","category-imagens","category-noticias","tag-25-de-abril","tag-auditorio","tag-concerto","tag-montalegre"],"_links":{"self":[{"href":"https:\/\/www.bandaparafita.net\/cms\/wp-json\/wp\/v2\/posts\/29","targetHints":{"allow":["GET"]}}],"collection":[{"href":"https:\/\/www.bandaparafita.net\/cms\/wp-json\/wp\/v2\/posts"}],"about":[{"href":"https:\/\/www.bandaparafita.net\/cms\/wp-json\/wp\/v2\/types\/post"}],"author":[{"embeddable":true,"href":"https:\/\/www.bandaparafita.net\/cms\/wp-json\/wp\/v2\/users\/4"}],"replies":[{"embeddable":true,"href":"https:\/\/www.bandaparafita.net\/cms\/wp-json\/wp\/v2\/comments?post=29"}],"version-history":[{"count":14,"href":"https:\/\/www.bandaparafita.net\/cms\/wp-json\/wp\/v2\/posts\/29\/revisions"}],"predecessor-version":[{"id":32,"href":"https:\/\/www.bandaparafita.net\/cms\/wp-json\/wp\/v2\/posts\/29\/revisions\/32"}],"wp:attachment":[{"href":"https:\/\/www.bandaparafita.net\/cms\/wp-json\/wp\/v2\/media?parent=29"}],"wp:term":[{"taxonomy":"category","embeddable":true,"href":"https:\/\/www.bandaparafita.net\/cms\/wp-json\/wp\/v2\/categories?post=29"},{"taxonomy":"post_tag","embeddable":true,"href":"https:\/\/www.bandaparafita.net\/cms\/wp-json\/wp\/v2\/tags?post=29"}],"curies":[{"name":"wp","href":"https:\/\/api.w.org\/{rel}","templated":true}]}}