{"id":264,"date":"2010-06-04T12:44:45","date_gmt":"2010-06-04T11:44:45","guid":{"rendered":"http:\/\/www.bandaparafita.net\/cms\/?p=264"},"modified":"2020-05-16T22:37:18","modified_gmt":"2020-05-16T21:37:18","slug":"tradicional-procissao-do-corpo-de-deus","status":"publish","type":"post","link":"https:\/\/www.bandaparafita.net\/cms\/tradicional-procissao-do-corpo-de-deus\/","title":{"rendered":"Tradicional Prociss\u00e3o do Corpo de Deus"},"content":{"rendered":"<p>Mais uma vez, a Banda Musical de Parafita participou na tradicional celebra\u00e7\u00e3o do Corpo de Deus em Montalegre.<\/p>\n<p>Numa tarde de muito calor a banda repartiu a soleniza\u00e7\u00e3o da prociss\u00e3o com a fanfarra do Bombeiros de Montalegre.<\/p>\n<p>Vejam em anexo o v\u00eddeo da reportagem feita pela TV Barroso.<\/p>\n<p><object classid=\"clsid:d27cdb6e-ae6d-11cf-96b8-444553540000\" width=\"660\" height=\"405\" codebase=\"http:\/\/download.macromedia.com\/pub\/shockwave\/cabs\/flash\/swflash.cab#version=6,0,40,0\"><param name=\"allowFullScreen\" value=\"true\" \/><param name=\"allowscriptaccess\" value=\"always\" \/><param name=\"src\" value=\"http:\/\/www.youtube.com\/v\/cDAVymres9c&amp;hl=pt_PT&amp;fs=1&amp;color1=0x5d1719&amp;color2=0xcd311b&amp;border=1\" \/><param name=\"allowfullscreen\" value=\"true\" \/><embed type=\"application\/x-shockwave-flash\" width=\"660\" height=\"405\" src=\"http:\/\/www.youtube.com\/v\/cDAVymres9c&amp;hl=pt_PT&amp;fs=1&amp;color1=0x5d1719&amp;color2=0xcd311b&amp;border=1\" allowscriptaccess=\"always\" allowfullscreen=\"true\"><\/embed><\/object><\/p>\n","protected":false},"excerpt":{"rendered":"<p>Mais uma vez, a Banda Musical de Parafita participou na tradicional celebra\u00e7\u00e3o do Corpo de Deus em Montalegre.<\/p>\n<p>Numa tarde de muito calor a banda repartiu a soleniza\u00e7\u00e3o da prociss\u00e3o com a fanfarra do Bombeiros de Montalegre.<\/p>\n<p>Vejam em anexo o v\u00eddeo da reportagem feita pela TV Barroso. &hellip; <a href=\"https:\/\/www.bandaparafita.net\/cms\/tradicional-procissao-do-corpo-de-deus\/\" class=\"more-link\"><span class=\"readmore\">Ler mais&#8230;<span class=\"screen-reader-text\">Tradicional Prociss\u00e3o do Corpo de Deus<\/span><\/span><\/a><\/p>\n","protected":false},"author":4,"featured_media":0,"comment_status":"closed","ping_status":"closed","sticky":false,"template":"","format":"standard","meta":{"ngg_post_thumbnail":0,"footnotes":""},"categories":[10,1],"tags":[7,30],"class_list":["post-264","post","type-post","status-publish","format-standard","hentry","category-imagens","category-noticias","tag-montalegre","tag-procissao"],"_links":{"self":[{"href":"https:\/\/www.bandaparafita.net\/cms\/wp-json\/wp\/v2\/posts\/264","targetHints":{"allow":["GET"]}}],"collection":[{"href":"https:\/\/www.bandaparafita.net\/cms\/wp-json\/wp\/v2\/posts"}],"about":[{"href":"https:\/\/www.bandaparafita.net\/cms\/wp-json\/wp\/v2\/types\/post"}],"author":[{"embeddable":true,"href":"https:\/\/www.bandaparafita.net\/cms\/wp-json\/wp\/v2\/users\/4"}],"replies":[{"embeddable":true,"href":"https:\/\/www.bandaparafita.net\/cms\/wp-json\/wp\/v2\/comments?post=264"}],"version-history":[{"count":3,"href":"https:\/\/www.bandaparafita.net\/cms\/wp-json\/wp\/v2\/posts\/264\/revisions"}],"predecessor-version":[{"id":267,"href":"https:\/\/www.bandaparafita.net\/cms\/wp-json\/wp\/v2\/posts\/264\/revisions\/267"}],"wp:attachment":[{"href":"https:\/\/www.bandaparafita.net\/cms\/wp-json\/wp\/v2\/media?parent=264"}],"wp:term":[{"taxonomy":"category","embeddable":true,"href":"https:\/\/www.bandaparafita.net\/cms\/wp-json\/wp\/v2\/categories?post=264"},{"taxonomy":"post_tag","embeddable":true,"href":"https:\/\/www.bandaparafita.net\/cms\/wp-json\/wp\/v2\/tags?post=264"}],"curies":[{"name":"wp","href":"https:\/\/api.w.org\/{rel}","templated":true}]}}