{"id":1600,"date":"2026-01-28T16:03:17","date_gmt":"2026-01-28T15:03:17","guid":{"rendered":"https:\/\/www.bandaparafita.net\/cms\/?p=1600"},"modified":"2026-02-07T12:16:33","modified_gmt":"2026-02-07T11:16:33","slug":"apresentacao-do-cd-ecos-de-barroso","status":"publish","type":"post","link":"https:\/\/www.bandaparafita.net\/cms\/apresentacao-do-cd-ecos-de-barroso\/","title":{"rendered":"Apresenta\u00e7\u00e3o do CD &#8220;Ecos de Barroso&#8221; ADIADO"},"content":{"rendered":"\n<div class=\"x14z9mp xat24cr x1lziwak x1vvkbs xtlvy1s x126k92a\"><span class=\"x193iq5w xeuugli x13faqbe x1vvkbs x1xmvt09 x1lliihq x1s928wv xhkezso x1gmr53x x1cpjm7i x1fgarty x1943h6x xudqn12 x3x7a5m x6prxxf xvq8zen xo1l8bm xzsf02u\" dir=\"auto\"><span class=\"html-span xexx8yu xyri2b x18d9i69 x1c1uobl x1hl2dhg x16tdsg8 x1vvkbs x3nfvp2 x1j61x8r x1fcty0u xdj266r xat24cr xm2jcoa x1mpyi22 xxymvpz xlup9mm x1kky2od\"><img loading=\"lazy\" decoding=\"async\" class=\"xz74otr x15mokao x1ga7v0g x16uus16 xbiv7yw\" src=\"https:\/\/static.xx.fbcdn.net\/images\/emoji.php\/v9\/tdc\/1\/16\/26a0.png\" alt=\"&#x26a0;&#xfe0f;\" width=\"16\" height=\"16\"><\/span> ADIAMENTO DO CONCERTO DE APRESENTA\u00c7\u00c3O DO CD <span class=\"html-span xexx8yu xyri2b x18d9i69 x1c1uobl x1hl2dhg x16tdsg8 x1vvkbs x3nfvp2 x1j61x8r x1fcty0u xdj266r xat24cr xm2jcoa x1mpyi22 xxymvpz xlup9mm x1kky2od\"><img loading=\"lazy\" decoding=\"async\" class=\"xz74otr x15mokao x1ga7v0g x16uus16 xbiv7yw\" src=\"https:\/\/static.xx.fbcdn.net\/images\/emoji.php\/v9\/tdc\/1\/16\/26a0.png\" alt=\"&#x26a0;&#xfe0f;\" width=\"16\" height=\"16\"><\/span><br class=\"html-br\"><br class=\"html-br\">Informamos que, por motivos de for\u00e7a maior, decorrentes das condi\u00e7\u00f5es climat\u00e9ricas extremas que se t\u00eam verificado (e que se prev\u00eaem para os pr\u00f3ximos dias), n\u00e3o est\u00e3o reunidas as condi\u00e7\u00f5es necess\u00e1rias para a realiza\u00e7\u00e3o do concerto na data prevista.<br class=\"html-br\"><br class=\"html-br\">Por esse motivo, e com sentido de responsabilidade, o concerto ser\u00e1 adiado, para data a anunciar brevemente.<br class=\"html-br\"><br class=\"html-br\">Agradecemos a compreens\u00e3o de todos e lamentamos sinceramente qualquer transtorno causado.<br class=\"html-br\">Esperamos reencontrar-nos em breve, num contexto que permita garantir a seguran\u00e7a, o conforto e a qualidade que este momento merece.<\/span><\/div>\n<p>&nbsp;<\/p>\n<p data-start=\"2403\" data-end=\"2525\"><a href=\"https:\/\/www.bandaparafita.net\/cms\/wp-content\/uploads\/2026\/01\/CartazA3adiado.png\"><img loading=\"lazy\" decoding=\"async\" class=\"size-large wp-image-1605 aligncenter\" src=\"https:\/\/www.bandaparafita.net\/cms\/wp-content\/uploads\/2026\/01\/CartazA3adiado-683x1024.png\" alt=\"\" width=\"683\" height=\"1024\" srcset=\"https:\/\/www.bandaparafita.net\/cms\/wp-content\/uploads\/2026\/01\/CartazA3adiado-683x1024.png 683w, https:\/\/www.bandaparafita.net\/cms\/wp-content\/uploads\/2026\/01\/CartazA3adiado-200x300.png 200w, https:\/\/www.bandaparafita.net\/cms\/wp-content\/uploads\/2026\/01\/CartazA3adiado-768x1152.png 768w, https:\/\/www.bandaparafita.net\/cms\/wp-content\/uploads\/2026\/01\/CartazA3adiado.png 1024w\" sizes=\"auto, (max-width: 683px) 100vw, 683px\" \/><\/a><\/p>\n","protected":false},"excerpt":{"rendered":"<p>ADIAMENTO DO CONCERTO DE APRESENTA\u00c7\u00c3O DO CD Informamos que, por motivos de for\u00e7a maior, decorrentes das condi\u00e7\u00f5es climat\u00e9ricas extremas que se t\u00eam verificado (e que se prev\u00eaem para os pr\u00f3ximos<\/p>\n<p class=\"more-link\"><a href=\"https:\/\/www.bandaparafita.net\/cms\/apresentacao-do-cd-ecos-de-barroso\/\" class=\"readmore\">Ler mais&#8230;<span class=\"screen-reader-text\">Apresenta\u00e7\u00e3o do CD &#8220;Ecos de Barroso&#8221; ADIADO<\/span><\/a><\/p>\n","protected":false},"author":4,"featured_media":1605,"comment_status":"closed","ping_status":"closed","sticky":false,"template":"","format":"standard","meta":{"ngg_post_thumbnail":0,"footnotes":""},"categories":[101,3,10,1],"tags":[],"class_list":["post-1600","post","type-post","status-publish","format-standard","has-post-thumbnail","hentry","category-banda","category-destaques","category-imagens","category-noticias"],"_links":{"self":[{"href":"https:\/\/www.bandaparafita.net\/cms\/wp-json\/wp\/v2\/posts\/1600","targetHints":{"allow":["GET"]}}],"collection":[{"href":"https:\/\/www.bandaparafita.net\/cms\/wp-json\/wp\/v2\/posts"}],"about":[{"href":"https:\/\/www.bandaparafita.net\/cms\/wp-json\/wp\/v2\/types\/post"}],"author":[{"embeddable":true,"href":"https:\/\/www.bandaparafita.net\/cms\/wp-json\/wp\/v2\/users\/4"}],"replies":[{"embeddable":true,"href":"https:\/\/www.bandaparafita.net\/cms\/wp-json\/wp\/v2\/comments?post=1600"}],"version-history":[{"count":3,"href":"https:\/\/www.bandaparafita.net\/cms\/wp-json\/wp\/v2\/posts\/1600\/revisions"}],"predecessor-version":[{"id":1607,"href":"https:\/\/www.bandaparafita.net\/cms\/wp-json\/wp\/v2\/posts\/1600\/revisions\/1607"}],"wp:featuredmedia":[{"embeddable":true,"href":"https:\/\/www.bandaparafita.net\/cms\/wp-json\/wp\/v2\/media\/1605"}],"wp:attachment":[{"href":"https:\/\/www.bandaparafita.net\/cms\/wp-json\/wp\/v2\/media?parent=1600"}],"wp:term":[{"taxonomy":"category","embeddable":true,"href":"https:\/\/www.bandaparafita.net\/cms\/wp-json\/wp\/v2\/categories?post=1600"},{"taxonomy":"post_tag","embeddable":true,"href":"https:\/\/www.bandaparafita.net\/cms\/wp-json\/wp\/v2\/tags?post=1600"}],"curies":[{"name":"wp","href":"https:\/\/api.w.org\/{rel}","templated":true}]}}