{"id":1580,"date":"2024-04-22T09:51:47","date_gmt":"2024-04-22T08:51:47","guid":{"rendered":"https:\/\/www.bandaparafita.net\/cms\/?p=1580"},"modified":"2024-04-22T09:52:44","modified_gmt":"2024-04-22T08:52:44","slug":"25-de-abril-banda-de-parafita-sofia-escobar-ff","status":"publish","type":"post","link":"https:\/\/www.bandaparafita.net\/cms\/25-de-abril-banda-de-parafita-sofia-escobar-ff\/","title":{"rendered":"25 de Abril | Banda de Parafita + Sofia Escobar &amp; FF"},"content":{"rendered":"\n\n\n<p>A dupla FF (Fernando Fernandes) e Sofia Escobar &#8211; acompanhados pela Banda Musical de Parafita &#8211; regressa a Montalegre para mais um concerto, desta vez enquadrado na celebra\u00e7\u00e3o dos 50 anos do 25 de Abril. Uma noite m\u00e1gica que promete esgotar, pelas 21h30, o pavilh\u00e3o desportivo de Montalegre. Tome nota na agenda. Imperd\u00edvel!<\/p>\n\n\n\n<p><\/p>\n\n\n<div class=\"wp-block-image\">\n<figure class=\"aligncenter size-large\"><a href=\"https:\/\/www.bandaparafita.net\/cms\/wp-content\/uploads\/2024\/04\/montalegre___25_abril__50_anos____concerto__sofia_escobar_e_ff__1_1024_2500.jpg\"><img loading=\"lazy\" decoding=\"async\" width=\"724\" height=\"1024\" src=\"https:\/\/www.bandaparafita.net\/cms\/wp-content\/uploads\/2024\/04\/montalegre___25_abril__50_anos____concerto__sofia_escobar_e_ff__1_1024_2500-724x1024.jpg\" alt=\"\" class=\"wp-image-1581\" srcset=\"https:\/\/www.bandaparafita.net\/cms\/wp-content\/uploads\/2024\/04\/montalegre___25_abril__50_anos____concerto__sofia_escobar_e_ff__1_1024_2500-724x1024.jpg 724w, https:\/\/www.bandaparafita.net\/cms\/wp-content\/uploads\/2024\/04\/montalegre___25_abril__50_anos____concerto__sofia_escobar_e_ff__1_1024_2500-212x300.jpg 212w, https:\/\/www.bandaparafita.net\/cms\/wp-content\/uploads\/2024\/04\/montalegre___25_abril__50_anos____concerto__sofia_escobar_e_ff__1_1024_2500-768x1087.jpg 768w, https:\/\/www.bandaparafita.net\/cms\/wp-content\/uploads\/2024\/04\/montalegre___25_abril__50_anos____concerto__sofia_escobar_e_ff__1_1024_2500.jpg 1024w\" sizes=\"auto, (max-width: 724px) 100vw, 724px\" \/><\/a><\/figure>\n<\/div>","protected":false},"excerpt":{"rendered":"<p>A dupla FF (Fernando Fernandes) e Sofia Escobar &#8211; acompanhados pela Banda Musical de Parafita &#8211; regressa a Montalegre para mais um concerto, desta vez enquadrado na celebra\u00e7\u00e3o dos 50<\/p>\n<p class=\"more-link\"><a href=\"https:\/\/www.bandaparafita.net\/cms\/25-de-abril-banda-de-parafita-sofia-escobar-ff\/\" class=\"readmore\">Ler mais&#8230;<span class=\"screen-reader-text\">25 de Abril | Banda de Parafita + Sofia Escobar &amp; FF<\/span><\/a><\/p>\n","protected":false},"author":4,"featured_media":1581,"comment_status":"closed","ping_status":"closed","sticky":false,"template":"","format":"standard","meta":{"ngg_post_thumbnail":0,"footnotes":""},"categories":[3,10,1],"tags":[],"class_list":["post-1580","post","type-post","status-publish","format-standard","has-post-thumbnail","hentry","category-destaques","category-imagens","category-noticias"],"_links":{"self":[{"href":"https:\/\/www.bandaparafita.net\/cms\/wp-json\/wp\/v2\/posts\/1580","targetHints":{"allow":["GET"]}}],"collection":[{"href":"https:\/\/www.bandaparafita.net\/cms\/wp-json\/wp\/v2\/posts"}],"about":[{"href":"https:\/\/www.bandaparafita.net\/cms\/wp-json\/wp\/v2\/types\/post"}],"author":[{"embeddable":true,"href":"https:\/\/www.bandaparafita.net\/cms\/wp-json\/wp\/v2\/users\/4"}],"replies":[{"embeddable":true,"href":"https:\/\/www.bandaparafita.net\/cms\/wp-json\/wp\/v2\/comments?post=1580"}],"version-history":[{"count":2,"href":"https:\/\/www.bandaparafita.net\/cms\/wp-json\/wp\/v2\/posts\/1580\/revisions"}],"predecessor-version":[{"id":1583,"href":"https:\/\/www.bandaparafita.net\/cms\/wp-json\/wp\/v2\/posts\/1580\/revisions\/1583"}],"wp:featuredmedia":[{"embeddable":true,"href":"https:\/\/www.bandaparafita.net\/cms\/wp-json\/wp\/v2\/media\/1581"}],"wp:attachment":[{"href":"https:\/\/www.bandaparafita.net\/cms\/wp-json\/wp\/v2\/media?parent=1580"}],"wp:term":[{"taxonomy":"category","embeddable":true,"href":"https:\/\/www.bandaparafita.net\/cms\/wp-json\/wp\/v2\/categories?post=1580"},{"taxonomy":"post_tag","embeddable":true,"href":"https:\/\/www.bandaparafita.net\/cms\/wp-json\/wp\/v2\/tags?post=1580"}],"curies":[{"name":"wp","href":"https:\/\/api.w.org\/{rel}","templated":true}]}}