{"id":1521,"date":"2021-08-14T16:23:25","date_gmt":"2021-08-14T15:23:25","guid":{"rendered":"https:\/\/www.bandaparafita.net\/cms\/?p=1521"},"modified":"2021-08-19T16:54:48","modified_gmt":"2021-08-19T15:54:48","slug":"opera-cavalleria-rusticana-21-de-agosto","status":"publish","type":"post","link":"https:\/\/www.bandaparafita.net\/cms\/opera-cavalleria-rusticana-21-de-agosto\/","title":{"rendered":"\u00d3pera (Cavalleria Rusticana) &#8211; 21 de Agosto"},"content":{"rendered":"\n<div class=\"summary widget_field\">\n<div class=\"widget_value\">\n<div class=\"writer_text\">&nbsp;<\/div>\n<\/div>\n<\/div>\n<div class=\"text widget_field\">\n<div class=\"widget_value\">\n<div class=\"writer_text\">\n<div class=\"summary widget_field\">\n<div class=\"widget_value\">\n<div class=\"writer_text\">\n<p class=\"text-align-justify\">O Castelo de Montalegre recebe este s\u00e1bado, pelas 21h30, uma noite musical de qualidade superior com \u00f3pera. Trata-se de uma nova produ\u00e7\u00e3o de &#8220;Cavalleria Rusticana&#8221;, a obra-prima de Pietro Mascagni, que ir\u00e1 contar com o Coro e Orquestra da \u00d3pera na Academia e na Cidade. A segunda parte do concerto fica a cargo da Banda Musical de Parafita em formato Banda Sinf\u00f3nica. Referir que este espet\u00e1culo aparece \u00e0 luz de uma candidatura intitulada &#8220;Montalegre Cultural&#8221;, financiada pelo <a href=\"https:\/\/www.portugal2020.pt\/\" target=\"_self\" rel=\"noopener\">Portugal 2020<\/a>, atrav\u00e9s do <a href=\"https:\/\/www.norte2020.pt\/\" target=\"_self\" rel=\"noopener\">PONorte<\/a>, e pela Uni\u00e3o Europeia, atrav\u00e9s do Fundo Europeu de Desenvolvimento Regional (<a href=\"https:\/\/www.europarl.europa.eu\/factsheets\/pt\/sheet\/95\/el-fondo-europeo-de-desarrollo-regional-feder-\" target=\"_self\" rel=\"noopener\">FEDER<\/a>).<\/p>\n<div class=\"writer_text_clear\">&nbsp;<\/div>\n<\/div>\n<\/div>\n<\/div>\n<div class=\"text widget_field\">\n<div class=\"widget_value\">\n<div class=\"writer_text\"><hr>\n<p class=\"text-align-justify\">Com dire\u00e7\u00e3o musical do maestro Jos\u00e9 Ferreira Lobo, encena\u00e7\u00e3o de Alfonso Romero e cenografia de Miguel Massip, &#8220;Cavalleria Rusticana&#8221; \u00e9 uma \u00f3pera em um ato onde o amor, a trai\u00e7\u00e3o e a vingan\u00e7a s\u00e3o os ingredientes principais. Estreada em Roma, em 1890, e considerada a primeira \u00f3pera verista italiana, corrente que introduziu um maior realismo na narrativa, por oposi\u00e7\u00e3o ao romantismo, &#8220;Cavalleria Rusticana&#8221; \u00e9 apresentada no Castelo de Montalegre com corpos art\u00edsticos e solistas nacionais, ou fixados em Portugal, de grande talento, como Maria Ermolaeva (Santuzza), Pedro Rodrigues (Turiddu), Gisela Sachse (Lucia), Pedro Telles (Alfio) e Patr\u00edcia Quintas (Lola).<\/p>\n<hr>\n<p class=\"text-align-justify\"><strong>Estreia absoluta<\/strong> | Teatro Costanzi &#8211; Roma, 17 Maio 1890<br><strong>Estreia em Portugal<\/strong> |Teatro Nacional de S\u00e3o Carlos &#8211; Lisboa, 12 Novembro 1891<\/p>\n<hr>\n<p class=\"text-align-justify\"><strong>Orquestra e Coro<\/strong><br>\u00d3pera na Academia e na Cidade<br><strong>Dire\u00e7\u00e3o Musical<\/strong><br>Jos\u00e9 Ferreira Lobo<br><strong>Encena\u00e7\u00e3o&nbsp;<\/strong><br>Alfonso Romero<br><strong>Cenografia<\/strong><br>Miguel Massip<br><strong>Dire\u00e7\u00e3o de Cena<\/strong>&nbsp;<br>Angel Pazos<br><strong>Constru\u00e7\u00e3o<\/strong><br>Stay one the Scene<br><strong>Desenho de Luz&nbsp;<br><\/strong>Roberto Punzi<br><strong>Pintura de Cena<br><\/strong>Ricardo Neto<br><strong>Figurinos&nbsp;<br><\/strong>Berta Cardoso<br><strong>Assistentes<br><\/strong>C\u00e9sar Monteiro, Sofia Silva<\/p>\n<hr>\n<p class=\"text-align-justify\">A a\u00e7\u00e3o decorre na manh\u00e3 de P\u00e1scoa, numa aldeia siciliana, e conta a hist\u00f3ria de Turiddu e de Santuzza. Ao regressar a casa do servi\u00e7o militar, Turiddu descobre que a sua noiva, Lola, se casou com Alfio, um rico campon\u00eas. Na esperan\u00e7a de lhe provocar ci\u00fames, Turiddu seduz Santuzza. Lola acaba por se envolver com Turiddu, e Santuzza, de cora\u00e7\u00e3o partido, revela a Alfio a infidelidade entre os dois amantes. Desafiado por Alfio para um duelo, Turiddu despede-se da m\u00e3e e parte para o seu encontro fatal.<\/p>\n<p class=\"text-align-justify\">1<strong>. Prel\u00fadio e Siciliana <\/strong><em>O Lola, bianca come fior di spino<\/em> (Turiddu)<\/p>\n<p class=\"text-align-justify\">2. <strong>Coro de introdu\u00e7\u00e3o<\/strong> <em>Gli aranci olezzano <\/em>(Coro)<\/p>\n<p class=\"text-align-justify\">3. <strong>Cena de entrada de Alfio<\/strong><\/p>\n<p class=\"text-align-justify\"><strong>&nbsp;&nbsp;&nbsp;&nbsp;&nbsp;&nbsp;&nbsp;&nbsp;&nbsp;&nbsp;&nbsp; <\/strong><em>Dite, mamma Lucia <\/em>(Santuzza, Lucia)<\/p>\n<p class=\"text-align-justify\">&nbsp;&nbsp;&nbsp;&nbsp;&nbsp;&nbsp;&nbsp;&nbsp;&nbsp;&nbsp;&nbsp; <em>II cavallo scalpita <\/em>(Alfio)<\/p>\n<p class=\"text-align-justify\"><em>&nbsp;&nbsp;&nbsp;&nbsp;&nbsp;&nbsp;&nbsp;&nbsp;&nbsp;&nbsp;&nbsp; O che bel mestiere <\/em>(coro)<\/p>\n<p class=\"text-align-justify\">4. <strong>Cena e ora\u00e7\u00e3o<\/strong><\/p>\n<p class=\"text-align-justify\">&nbsp;&nbsp;&nbsp;&nbsp;&nbsp;&nbsp;&nbsp;&nbsp;&nbsp;&nbsp;&nbsp; <em>Beato vai<\/em> (Santuzza, Alfio)<\/p>\n<p class=\"text-align-justify\">&nbsp;&nbsp;&nbsp;&nbsp;&nbsp;&nbsp;&nbsp;&nbsp;&nbsp;&nbsp;&nbsp; <em>Regila coeli<\/em> (coro)<\/p>\n<p class=\"text-align-justify\"><em>&nbsp;&nbsp;&nbsp;&nbsp;&nbsp;&nbsp;&nbsp;&nbsp;&nbsp;&nbsp;&nbsp; Inneggiamo, il Signor non \u00e8 morto<\/em> (Santuzza, Lucia e coro)<\/p>\n<p class=\"text-align-justify\">5. <strong>Romance e cena<\/strong><\/p>\n<p class=\"text-align-justify\">&nbsp;&nbsp;&nbsp;&nbsp;&nbsp;&nbsp;&nbsp;&nbsp;&nbsp;&nbsp;&nbsp; <em>Voi lo spete, o mamma <\/em>(Santuzza)<\/p>\n<p class=\"text-align-justify\">&nbsp;&nbsp;&nbsp;&nbsp;&nbsp;&nbsp;&nbsp;&nbsp;&nbsp;&nbsp;&nbsp; <em>Miseri noi<\/em> (Luci, Santuzza)<\/p>\n<p class=\"text-align-justify\">6.a. <strong>Cena e Dueto<\/strong><\/p>\n<p class=\"text-align-justify\">&nbsp;&nbsp;&nbsp;&nbsp;&nbsp;&nbsp;&nbsp;&nbsp;&nbsp;&nbsp;&nbsp; <em>Tu qui, Santuzza?<\/em> (Turiddu, Santuzza)<\/p>\n<p class=\"text-align-justify\">&nbsp;&nbsp;&nbsp;&nbsp;&nbsp;&nbsp;&nbsp;&nbsp;&nbsp;&nbsp;&nbsp; <em>E stamattina, all\u2019alba<\/em> &nbsp;(Santuzza, Turiddu)<\/p>\n<p class=\"text-align-justify\">6.b. <strong>Can\u00e7oneta de Lola<\/strong> <em>Fior di giaggiolo<\/em> (Lola)<\/p>\n<p class=\"text-align-justify\">6.c. <strong>Dueto<\/strong><\/p>\n<p class=\"text-align-justify\">&nbsp;&nbsp;&nbsp;&nbsp;&nbsp;&nbsp;&nbsp;&nbsp;&nbsp;&nbsp;&nbsp; <em>Ah! Lo vedi<\/em> (Turiddu, Santuzza)<\/p>\n<p class=\"text-align-justify\">&nbsp;&nbsp;&nbsp;&nbsp;&nbsp;&nbsp;&nbsp;&nbsp;&nbsp;&nbsp;&nbsp; <em>No, no, Turiddu<\/em> (Santuzza, Turiddu)<\/p>\n<p class=\"text-align-justify\">6.d. <strong>Dueto <\/strong><\/p>\n<p class=\"text-align-justify\">&nbsp;&nbsp;&nbsp;&nbsp;&nbsp;&nbsp;&nbsp;&nbsp;&nbsp;&nbsp;&nbsp; <em>Oh! II signori vi manda<\/em> (Santuzza, Alfio)<\/p>\n<p class=\"text-align-justify\">&nbsp;&nbsp;&nbsp;&nbsp;&nbsp;&nbsp;&nbsp;&nbsp;&nbsp;&nbsp;&nbsp; <em>Infami loro, ad essi non perdono<\/em> (Alfio, Santuzza)<\/p>\n<p class=\"text-align-justify\">7. <strong>Intermezzo<\/strong><\/p>\n<p class=\"text-align-justify\">8. <strong>Cena, Coro e Brinde<\/strong><\/p>\n<p class=\"text-align-justify\">&nbsp;&nbsp;&nbsp;&nbsp;&nbsp;&nbsp;&nbsp;&nbsp;&nbsp;&nbsp;&nbsp; <em>A casa, a casa, amici<\/em> (coro)<\/p>\n<p class=\"text-align-justify\">&nbsp;&nbsp;&nbsp;&nbsp;&nbsp;&nbsp;&nbsp;&nbsp;&nbsp;&nbsp;&nbsp; <em>Comare Lola<\/em> (Turiddu, Lola)<\/p>\n<p class=\"text-align-justify\">&nbsp;&nbsp;&nbsp;&nbsp;&nbsp;&nbsp;&nbsp;&nbsp;&nbsp;&nbsp;&nbsp; <em>Viva el vinospumeggiante<\/em> (Turiddu, Coro)<\/p>\n<p class=\"text-align-justify\">9. <strong>Finale<\/strong><\/p>\n<p class=\"text-align-justify\">&nbsp;&nbsp;&nbsp;&nbsp;&nbsp;&nbsp;&nbsp;&nbsp;&nbsp;&nbsp;&nbsp; <em>Lo so che il torto \u00e8 mio<\/em> (Turiddu, Alfio)<\/p>\n<p class=\"text-align-justify\">&nbsp;&nbsp;&nbsp;&nbsp;&nbsp;&nbsp;&nbsp;&nbsp;&nbsp;&nbsp;&nbsp; <em>Mamma! Mamma, quel vino \u00e8 generoso<\/em> (Turiddu, Lucia)<\/p>\n<p class=\"text-align-justify\">&nbsp;&nbsp;&nbsp;&nbsp;&nbsp;&nbsp;&nbsp;&nbsp;&nbsp;&nbsp;&nbsp; <em>Santuzza!(Lucia) \u2026 Oh, madre mia!<\/em> (Santuzza, Coro)<\/p>\n<hr>\n<p class=\"text-align-justify\"><strong>BANDA MUSICAL DE PARAFITA<\/strong><br>(Formato Banda Sinf\u00f3nica)<\/p>\n<p class=\"text-align-justify\"><strong>Programa<\/strong><\/p>\n<p class=\"text-align-justify\">1) Abertura Festiva (Op. 96) &#8211; Dmitri Shostakovich<br>2) Theme from \u201cSchindler\u2019s List\u201d (for Violin Solo) \u2013 John Williams<br>3) The Ghost Ship (for Band and Electronics) \u2013 Jos\u00e9 Alberto Pina&nbsp;<\/p>\n<p style=\"text-align: center;\"><a href=\"https:\/\/www.bandaparafita.net\/cms\/wp-content\/uploads\/2021\/08\/237836525_4580597031964091_4696495454095831337_n.jpg\"><img loading=\"lazy\" decoding=\"async\" class=\"alignnone size-large wp-image-1524\" src=\"https:\/\/www.bandaparafita.net\/cms\/wp-content\/uploads\/2021\/08\/237836525_4580597031964091_4696495454095831337_n-1024x1024.jpg\" alt=\"\" width=\"920\" height=\"920\" srcset=\"https:\/\/www.bandaparafita.net\/cms\/wp-content\/uploads\/2021\/08\/237836525_4580597031964091_4696495454095831337_n-1024x1024.jpg 1024w, https:\/\/www.bandaparafita.net\/cms\/wp-content\/uploads\/2021\/08\/237836525_4580597031964091_4696495454095831337_n-300x300.jpg 300w, https:\/\/www.bandaparafita.net\/cms\/wp-content\/uploads\/2021\/08\/237836525_4580597031964091_4696495454095831337_n-150x150.jpg 150w, https:\/\/www.bandaparafita.net\/cms\/wp-content\/uploads\/2021\/08\/237836525_4580597031964091_4696495454095831337_n-768x768.jpg 768w, https:\/\/www.bandaparafita.net\/cms\/wp-content\/uploads\/2021\/08\/237836525_4580597031964091_4696495454095831337_n-1536x1536.jpg 1536w, https:\/\/www.bandaparafita.net\/cms\/wp-content\/uploads\/2021\/08\/237836525_4580597031964091_4696495454095831337_n-640x640.jpg 640w, https:\/\/www.bandaparafita.net\/cms\/wp-content\/uploads\/2021\/08\/237836525_4580597031964091_4696495454095831337_n-720x720.jpg 720w, https:\/\/www.bandaparafita.net\/cms\/wp-content\/uploads\/2021\/08\/237836525_4580597031964091_4696495454095831337_n-70x70.jpg 70w, https:\/\/www.bandaparafita.net\/cms\/wp-content\/uploads\/2021\/08\/237836525_4580597031964091_4696495454095831337_n-80x80.jpg 80w, https:\/\/www.bandaparafita.net\/cms\/wp-content\/uploads\/2021\/08\/237836525_4580597031964091_4696495454095831337_n-50x50.jpg 50w, https:\/\/www.bandaparafita.net\/cms\/wp-content\/uploads\/2021\/08\/237836525_4580597031964091_4696495454095831337_n.jpg 1575w\" sizes=\"auto, (max-width: 920px) 100vw, 920px\" \/><\/a><\/p>\n<\/div>\n<\/div>\n<\/div>\n<p class=\"text-align-center\"><img decoding=\"async\" src=\"https:\/\/www.cm-montalegre.pt\/thumbs\/cmmontalegre\/uploads\/writer_file\/image\/3586\/norte2020_feder_1_1024_2500.JPG\" alt=\"NORTE2020_FEDER\"><\/p>\n<\/div>\n<\/div>\n<\/div>\n","protected":false},"excerpt":{"rendered":"<p>&nbsp; O Castelo de Montalegre recebe este s\u00e1bado, pelas 21h30, uma noite musical de qualidade superior com \u00f3pera. Trata-se de uma nova produ\u00e7\u00e3o de &#8220;Cavalleria Rusticana&#8221;, a obra-prima de Pietro<\/p>\n<p class=\"more-link\"><a href=\"https:\/\/www.bandaparafita.net\/cms\/opera-cavalleria-rusticana-21-de-agosto\/\" class=\"readmore\">Ler mais&#8230;<span class=\"screen-reader-text\">\u00d3pera (Cavalleria Rusticana) &#8211; 21 de Agosto<\/span><\/a><\/p>\n","protected":false},"author":4,"featured_media":1524,"comment_status":"closed","ping_status":"closed","sticky":false,"template":"","format":"standard","meta":{"ngg_post_thumbnail":0,"footnotes":""},"categories":[101,3,1],"tags":[],"class_list":["post-1521","post","type-post","status-publish","format-standard","has-post-thumbnail","hentry","category-banda","category-destaques","category-noticias"],"_links":{"self":[{"href":"https:\/\/www.bandaparafita.net\/cms\/wp-json\/wp\/v2\/posts\/1521","targetHints":{"allow":["GET"]}}],"collection":[{"href":"https:\/\/www.bandaparafita.net\/cms\/wp-json\/wp\/v2\/posts"}],"about":[{"href":"https:\/\/www.bandaparafita.net\/cms\/wp-json\/wp\/v2\/types\/post"}],"author":[{"embeddable":true,"href":"https:\/\/www.bandaparafita.net\/cms\/wp-json\/wp\/v2\/users\/4"}],"replies":[{"embeddable":true,"href":"https:\/\/www.bandaparafita.net\/cms\/wp-json\/wp\/v2\/comments?post=1521"}],"version-history":[{"count":3,"href":"https:\/\/www.bandaparafita.net\/cms\/wp-json\/wp\/v2\/posts\/1521\/revisions"}],"predecessor-version":[{"id":1528,"href":"https:\/\/www.bandaparafita.net\/cms\/wp-json\/wp\/v2\/posts\/1521\/revisions\/1528"}],"wp:featuredmedia":[{"embeddable":true,"href":"https:\/\/www.bandaparafita.net\/cms\/wp-json\/wp\/v2\/media\/1524"}],"wp:attachment":[{"href":"https:\/\/www.bandaparafita.net\/cms\/wp-json\/wp\/v2\/media?parent=1521"}],"wp:term":[{"taxonomy":"category","embeddable":true,"href":"https:\/\/www.bandaparafita.net\/cms\/wp-json\/wp\/v2\/categories?post=1521"},{"taxonomy":"post_tag","embeddable":true,"href":"https:\/\/www.bandaparafita.net\/cms\/wp-json\/wp\/v2\/tags?post=1521"}],"curies":[{"name":"wp","href":"https:\/\/api.w.org\/{rel}","templated":true}]}}