{"id":1374,"date":"2015-10-12T13:49:00","date_gmt":"2015-10-12T12:49:00","guid":{"rendered":"http:\/\/www.bandaparafita.net\/cms\/?p=1374"},"modified":"2020-05-13T20:35:49","modified_gmt":"2020-05-13T19:35:49","slug":"justino-costa","status":"publish","type":"post","link":"https:\/\/www.bandaparafita.net\/cms\/justino-costa\/","title":{"rendered":"Justino Costa"},"content":{"rendered":"\n<p style=\"text-align: justify;\"><a class=\"lightbox cboxElement\" title=\"Justino Costa\" href=\"http:\/\/www.bandaparafita.net\/cms\/wp-content\/uploads\/2015\/10\/JustinoCosta-1.jpg\"><img loading=\"lazy\" decoding=\"async\" title=\"Justino Costa\" src=\"http:\/\/www.bandaparafita.net\/cms\/wp-content\/uploads\/2015\/10\/JustinoCosta-1-300x300.jpg\" alt=\"Justino Costa\" width=\"0\" height=\"0\"><\/a>A direc\u00e7\u00e3o art\u00edstica da Banda Musical de Parafita e a direc\u00e7\u00e3o pedag\u00f3gica sua Escola de M\u00fasica est\u00e1 a cargo de Justino Costa.<\/p>\n<p style=\"text-align: justify;\"><strong>Justino Silva da Costa<\/strong>, nasceu em Clermont Ferrand \u2013 Fran\u00e7a em 1977.<\/p>\n<p style=\"text-align: justify;\">Inicia os seus estudos musicais na escola de m\u00fasica da Banda Musical de Calvos \u2013 P\u00f3voa de Lanhoso aos 10 anos, e, em 1996, ingressa no ex\u00e9rcito no Regimento de Artilharia n\u00ba 5, e, em 1998 na Banda da Regi\u00e3o Militar do Norte como executante de Clarinete.<\/p>\n<p style=\"text-align: justify;\">Ap\u00f3s a conclus\u00e3o do 30\u00ba curso de forma\u00e7\u00e3o de sargentos m\u00fasicos (2004), esteve colocado na Banda Militar dos A\u00e7ores at\u00e9 2009, altura em que regressou \u00e0 Banda Militar do Porto.<\/p>\n<p style=\"text-align: justify;\">Paralelamente \u00e0 carreira de m\u00fasico militar, concluiu o Conservat\u00f3rio Superior de M\u00fasica de Gaia, onde estudou clarinete com o Professor Sa\u00fal Silva. Frequentou in\u00fameros master classes de clarinete e de dire\u00e7\u00e3o de orquestra de sopros.<\/p>\n<p style=\"text-align: justify;\">Durante a sua passagem pelos A\u00e7ores foi docente na escola de m\u00fasica da banda Nossa Senhora das Neves, Relva, da escola de m\u00fasica da Banda Nossa senhora da Sa\u00fade, Arrifes e da Banda Funda\u00e7\u00e3o Brasileira, Mosteiros, da qual tamb\u00e9m foi maestro 4 anos.<\/p>\n<p style=\"text-align: justify;\">Em 2007 deslocou-se aos Estados Unidos da Am\u00e9rica com a Banda Funda\u00e7\u00e3o Brasileira, e em 2006 com a Orquestra Ligeira da C\u00e2mara Municipal de Ponta Delgada, da qual foi m\u00fasico entre 2004-2009.<\/p>\n<p style=\"text-align: justify;\">Foi aluno de dire\u00e7\u00e3o de orquestra de sopros na Academia Portuguesa de Banda (APB), e possui a p\u00f3s-gradua\u00e7\u00e3o em direc\u00e7\u00e3o de orquestra de sopros do ISEIT, PIAGET \u2013 Viseu, estando actualmente a concluir a tese de mestrado.<\/p>\n<p style=\"text-align: justify;\">Foi director art\u00edstico durante 5 \u00e9pocas na Banda Musical de Calvos \u2013 P\u00f3voa de Lanhoso.<\/p>\n<p style=\"text-align: justify;\">Em 2015 assume a direc\u00e7\u00e3o art\u00edstica da <strong>Banda Musical de Parafita<\/strong> e da sua escola de m\u00fasica, cargo que manteve at\u00e9 2019.<\/p>\n","protected":false},"excerpt":{"rendered":"<p>A direc\u00e7\u00e3o art\u00edstica da Banda Musical de Parafita e a direc\u00e7\u00e3o pedag\u00f3gica sua Escola de M\u00fasica est\u00e1 a cargo de Justino Costa. Justino Silva da Costa, nasceu em Clermont Ferrand<\/p>\n<p class=\"more-link\"><a href=\"https:\/\/www.bandaparafita.net\/cms\/justino-costa\/\" class=\"readmore\">Ler mais&#8230;<span class=\"screen-reader-text\">Justino Costa<\/span><\/a><\/p>\n","protected":false},"author":4,"featured_media":0,"comment_status":"closed","ping_status":"closed","sticky":false,"template":"","format":"standard","meta":{"ngg_post_thumbnail":0,"footnotes":""},"categories":[101],"tags":[],"class_list":["post-1374","post","type-post","status-publish","format-standard","hentry","category-banda"],"_links":{"self":[{"href":"https:\/\/www.bandaparafita.net\/cms\/wp-json\/wp\/v2\/posts\/1374","targetHints":{"allow":["GET"]}}],"collection":[{"href":"https:\/\/www.bandaparafita.net\/cms\/wp-json\/wp\/v2\/posts"}],"about":[{"href":"https:\/\/www.bandaparafita.net\/cms\/wp-json\/wp\/v2\/types\/post"}],"author":[{"embeddable":true,"href":"https:\/\/www.bandaparafita.net\/cms\/wp-json\/wp\/v2\/users\/4"}],"replies":[{"embeddable":true,"href":"https:\/\/www.bandaparafita.net\/cms\/wp-json\/wp\/v2\/comments?post=1374"}],"version-history":[{"count":5,"href":"https:\/\/www.bandaparafita.net\/cms\/wp-json\/wp\/v2\/posts\/1374\/revisions"}],"predecessor-version":[{"id":1382,"href":"https:\/\/www.bandaparafita.net\/cms\/wp-json\/wp\/v2\/posts\/1374\/revisions\/1382"}],"wp:attachment":[{"href":"https:\/\/www.bandaparafita.net\/cms\/wp-json\/wp\/v2\/media?parent=1374"}],"wp:term":[{"taxonomy":"category","embeddable":true,"href":"https:\/\/www.bandaparafita.net\/cms\/wp-json\/wp\/v2\/categories?post=1374"},{"taxonomy":"post_tag","embeddable":true,"href":"https:\/\/www.bandaparafita.net\/cms\/wp-json\/wp\/v2\/tags?post=1374"}],"curies":[{"name":"wp","href":"https:\/\/api.w.org\/{rel}","templated":true}]}}