{"id":1352,"date":"2020-01-09T16:42:56","date_gmt":"2020-01-09T15:42:56","guid":{"rendered":"http:\/\/www.bandaparafita.net\/cms\/?p=1352"},"modified":"2020-05-16T22:26:43","modified_gmt":"2020-05-16T21:26:43","slug":"concerto-de-ano-novo-2020","status":"publish","type":"post","link":"https:\/\/www.bandaparafita.net\/cms\/concerto-de-ano-novo-2020\/","title":{"rendered":"Concerto de Ano Novo 2020"},"content":{"rendered":"\n<p>18 de Janeiro \/ 21h30 \/ Audit\u00f3rio Municipal de Montalegre<\/p>\n<p>Na impossibilidade de termos feito o tradicional Concerto de Natal, faremos no pr\u00f3ximo dia 18\/Jan o concerto de Ano Novo 2020.<br>Ser\u00e1 o concerto de estreia do nosso novo maestro Manuel Monteiro, v\u00e3o tamb\u00e9m poder escutar a voz fant\u00e1stica da soprano <a class=\"profileLink\" title=\"S\u00edlvia Sequeira\" href=\"https:\/\/www.facebook.com\/silvia.sequeirovsky?__tn__=K-R&amp;eid=ARBKZXYewvblbOfVQZjHHxc-qS3g-I6Y2xEUdeajOrL1ioO6Z_D2M8iyudTohF-4wNk1aBrNR7jAwIam&amp;fref=mentions&amp;__xts__%5B0%5D=68.ARClKsb5UZPIF0TbmFUmOD1S9fCXa_1oN2TWK5cOGqw98Ilow5Ac8YL4NJQPG9yh5_TyCxdtbp8PIFYeCfio76mArGapUKKEuwe5MHI2dbIGpW9rlwxHoQjj3QiAMzjXpuajGfS-HGSSeyuMIVOuEPaGY6v0jtlpk1eRDyMW_dDcSfZjw-UWMt3ptyT59dJsUidyGi37DvprECsNM-gpIbbSHHrKO9_6ZS2cEsXAE07Sz8gUOZVQ58_xBsOz1TeQ0bXxHg26RFBT0ZfilPMxmhv7kmuRIbkGNoN6B7bzeHgkIn80orWKGCkhquuCEkU7drqNg4JuaQcydRVdN3CjM68ROvU9\" data-hovercard=\"\/ajax\/hovercard\/user.php?id=1390346349&amp;extragetparams=%7B%22__tn__%22%3A%22%2CdK-R-R%22%2C%22eid%22%3A%22ARBKZXYewvblbOfVQZjHHxc-qS3g-I6Y2xEUdeajOrL1ioO6Z_D2M8iyudTohF-4wNk1aBrNR7jAwIam%22%2C%22fref%22%3A%22mentions%22%7D\" data-hovercard-prefer-more-content-show=\"1\">S\u00edlvia Sequeira<\/a> em conjunto com a banda.<\/p>\n<p>N\u00e3o faltam \u00f3ptimos argumentos para virem celebrar o ano novo connosco! Ainda por cima entrada \u00e9 livre&#8230;Compare\u00e7am.<\/p>\n<p>&nbsp;<\/p>\n\n\n\n<figure class=\"wp-block-image size-large\"><img loading=\"lazy\" decoding=\"async\" width=\"724\" height=\"1024\" src=\"http:\/\/www.bandaparafita.net\/cms\/wp-content\/uploads\/2020\/01\/CONCERTO-DE-ANO-NOVO-2020-724x1024.png\" alt=\"Cartaz\" class=\"wp-image-1353\" srcset=\"https:\/\/www.bandaparafita.net\/cms\/wp-content\/uploads\/2020\/01\/CONCERTO-DE-ANO-NOVO-2020-724x1024.png 724w, https:\/\/www.bandaparafita.net\/cms\/wp-content\/uploads\/2020\/01\/CONCERTO-DE-ANO-NOVO-2020-212x300.png 212w, https:\/\/www.bandaparafita.net\/cms\/wp-content\/uploads\/2020\/01\/CONCERTO-DE-ANO-NOVO-2020-768x1086.png 768w, https:\/\/www.bandaparafita.net\/cms\/wp-content\/uploads\/2020\/01\/CONCERTO-DE-ANO-NOVO-2020-1086x1536.png 1086w, https:\/\/www.bandaparafita.net\/cms\/wp-content\/uploads\/2020\/01\/CONCERTO-DE-ANO-NOVO-2020-1448x2048.png 1448w, https:\/\/www.bandaparafita.net\/cms\/wp-content\/uploads\/2020\/01\/CONCERTO-DE-ANO-NOVO-2020.png 1587w\" sizes=\"auto, (max-width: 724px) 100vw, 724px\" \/><\/figure>\n","protected":false},"excerpt":{"rendered":"<p>18 de Janeiro \/ 21h30 \/ Audit\u00f3rio Municipal de Montalegre Na impossibilidade de termos feito o tradicional Concerto de Natal, faremos no pr\u00f3ximo dia 18\/Jan o concerto de Ano Novo<\/p>\n<p class=\"more-link\"><a href=\"https:\/\/www.bandaparafita.net\/cms\/concerto-de-ano-novo-2020\/\" class=\"readmore\">Ler mais&#8230;<span class=\"screen-reader-text\">Concerto de Ano Novo 2020<\/span><\/a><\/p>\n","protected":false},"author":4,"featured_media":1353,"comment_status":"closed","ping_status":"closed","sticky":false,"template":"","format":"standard","meta":{"ngg_post_thumbnail":0,"footnotes":""},"categories":[3,10,1],"tags":[],"class_list":["post-1352","post","type-post","status-publish","format-standard","has-post-thumbnail","hentry","category-destaques","category-imagens","category-noticias"],"_links":{"self":[{"href":"https:\/\/www.bandaparafita.net\/cms\/wp-json\/wp\/v2\/posts\/1352","targetHints":{"allow":["GET"]}}],"collection":[{"href":"https:\/\/www.bandaparafita.net\/cms\/wp-json\/wp\/v2\/posts"}],"about":[{"href":"https:\/\/www.bandaparafita.net\/cms\/wp-json\/wp\/v2\/types\/post"}],"author":[{"embeddable":true,"href":"https:\/\/www.bandaparafita.net\/cms\/wp-json\/wp\/v2\/users\/4"}],"replies":[{"embeddable":true,"href":"https:\/\/www.bandaparafita.net\/cms\/wp-json\/wp\/v2\/comments?post=1352"}],"version-history":[{"count":2,"href":"https:\/\/www.bandaparafita.net\/cms\/wp-json\/wp\/v2\/posts\/1352\/revisions"}],"predecessor-version":[{"id":1364,"href":"https:\/\/www.bandaparafita.net\/cms\/wp-json\/wp\/v2\/posts\/1352\/revisions\/1364"}],"wp:featuredmedia":[{"embeddable":true,"href":"https:\/\/www.bandaparafita.net\/cms\/wp-json\/wp\/v2\/media\/1353"}],"wp:attachment":[{"href":"https:\/\/www.bandaparafita.net\/cms\/wp-json\/wp\/v2\/media?parent=1352"}],"wp:term":[{"taxonomy":"category","embeddable":true,"href":"https:\/\/www.bandaparafita.net\/cms\/wp-json\/wp\/v2\/categories?post=1352"},{"taxonomy":"post_tag","embeddable":true,"href":"https:\/\/www.bandaparafita.net\/cms\/wp-json\/wp\/v2\/tags?post=1352"}],"curies":[{"name":"wp","href":"https:\/\/api.w.org\/{rel}","templated":true}]}}