{"id":1282,"date":"2016-11-15T22:48:14","date_gmt":"2016-11-15T21:48:14","guid":{"rendered":"http:\/\/www.bandaparafita.net\/cms\/?p=1282"},"modified":"2020-05-16T22:35:13","modified_gmt":"2020-05-16T21:35:13","slug":"banda-de-parafita-em-concurso-internacional-dia-26","status":"publish","type":"post","link":"https:\/\/www.bandaparafita.net\/cms\/banda-de-parafita-em-concurso-internacional-dia-26\/","title":{"rendered":"Banda de Parafita em Concurso Internacional | Dia 26"},"content":{"rendered":"<p>\u00c9 mais um passo na afirma\u00e7\u00e3o do percurso art\u00edstico da banda musical de Parafita, um dos emblemas culturais do concelho de Montalegre. Uma coletividade, com mais de 200 anos de hist\u00f3ria, que atravessa um not\u00e1vel momento de criatividade. A presen\u00e7a, pela segunda vez, neste concurso internacional vem provar que n\u00e3o s\u00f3 em centros urbanos impera excel\u00eancia. Tamb\u00e9m no recanto do Barroso, h\u00e1 raz\u00f5es para acreditar que trabalho e compet\u00eancia s\u00e3o sin\u00f3nimo de qualidade.<\/p>\n<p>SEGUNDA VEZ<\/p>\n<p>Com efeito, a Banda Musical de Parafita n\u00e3o esconde a honra de participar pela segunda vez &#8211; primeira foi em 2014 &#8211; neste prestigiante e exigente certame. Falamos de um evento &#8211; o terceiro CIB Filarmonia D\u2019Ouro &#8211; dividido em tr\u00eas sec\u00e7\u00f5es: 1\u00aa Sec\u00e7\u00e3o, 2\u00aa Sec\u00e7\u00e3o e Sec\u00e7\u00e3o Acad\u00e9mica. Todas as bandas ter\u00e3o que executar &#8211; pela seguinte ordem &#8211; uma obra de aquecimento (n\u00e3o pontuada); uma obra obrigat\u00f3ria e uma obra livre. Na obra livre, \u00e0 escolha de cada banda, o j\u00fari, al\u00e9m da qualidade de execu\u00e7\u00e3o, pontua, tamb\u00e9m, a escolha da obra em si, sendo que todas procuram apresentar uma obra livre que surpreenda. Por outro lado, a obra obrigat\u00f3ria &#8211; ser\u00e1 interpretada por todas as bandas concorrentes &#8211; para a segunda sec\u00e7\u00e3o &#8211; onde participa a Banda de Parafita &#8211; \u00e9 &#8220;El Camino Real&#8221;, do compositor americano Alfred Reed, sendo a obra livre escolhida pela banda &#8220;With Heart and Voice&#8221;, de David R. Gillingham.<br \/>\nDizer que na segunda sec\u00e7\u00e3o, al\u00e9m da Banda Musical de Parafita, participam, tamb\u00e9m, a banda de m\u00fasica de Belinho &#8211; Esposende, Banda Nova de Fermentelos &#8211; \u00c1gueda, Banda de Musica de Loureiro &#8211; Oliveira de Azem\u00e9is e a banda musical da P\u00f3voa de Varzim.<br \/>\nO j\u00fari desta terceira edi\u00e7\u00e3o do CIB Filarmonia D\u2019Ouro \u00e9 constitu\u00eddo por cinco personalidades de reconhecido m\u00e9rito art\u00edstico. \u00c9 presidido pelo maestro Paulo Martins, sendo os restantes elementos o maestro e compositor Lu\u00eds Cardoso (Portugal), Ant\u00f3nio Moreira Jorge (Portugal) &#8211; diretor do conservat\u00f3rio do Porto &#8211; o compositor Thomas Traschel (Su\u00ed\u00e7a) e o maestro Henrie Adams (Holanda).<br \/>\nNo final para referir que a C\u00e2mara Municipal de Montalegre disponibiliza, a todos os interessados, o transporte necess\u00e1rio para assistirem a esta jornada cultural<\/p>\n<p>CONTACTOS (INSCRI\u00c7\u00d5ES TRANSPORTE GR\u00c1TIS)<\/p>\n<p>Jos\u00e9 Alves<br \/>\n914 842 012<br \/>\njosealves@sapo.pt<\/p>\n","protected":false},"excerpt":{"rendered":"<p>\u00c9 mais um passo na afirma\u00e7\u00e3o do percurso art\u00edstico da banda musical de Parafita, um dos emblemas culturais do concelho de Montalegre. Uma coletividade, com mais de 200 anos de<\/p>\n<p class=\"more-link\"><a href=\"https:\/\/www.bandaparafita.net\/cms\/banda-de-parafita-em-concurso-internacional-dia-26\/\" class=\"readmore\">Ler mais&#8230;<span class=\"screen-reader-text\">Banda de Parafita em Concurso Internacional | Dia 26<\/span><\/a><\/p>\n","protected":false},"author":3,"featured_media":0,"comment_status":"closed","ping_status":"closed","sticky":false,"template":"","format":"standard","meta":{"ngg_post_thumbnail":0,"footnotes":""},"categories":[10,1],"tags":[97,113,115,86,87,114],"class_list":["post-1282","post","type-post","status-publish","format-standard","hentry","category-imagens","category-noticias","tag-cib","tag-concertos","tag-concurso-de-bandas","tag-europarque","tag-paulo-martins","tag-santa-maria-da-feira"],"_links":{"self":[{"href":"https:\/\/www.bandaparafita.net\/cms\/wp-json\/wp\/v2\/posts\/1282","targetHints":{"allow":["GET"]}}],"collection":[{"href":"https:\/\/www.bandaparafita.net\/cms\/wp-json\/wp\/v2\/posts"}],"about":[{"href":"https:\/\/www.bandaparafita.net\/cms\/wp-json\/wp\/v2\/types\/post"}],"author":[{"embeddable":true,"href":"https:\/\/www.bandaparafita.net\/cms\/wp-json\/wp\/v2\/users\/3"}],"replies":[{"embeddable":true,"href":"https:\/\/www.bandaparafita.net\/cms\/wp-json\/wp\/v2\/comments?post=1282"}],"version-history":[{"count":1,"href":"https:\/\/www.bandaparafita.net\/cms\/wp-json\/wp\/v2\/posts\/1282\/revisions"}],"predecessor-version":[{"id":1283,"href":"https:\/\/www.bandaparafita.net\/cms\/wp-json\/wp\/v2\/posts\/1282\/revisions\/1283"}],"wp:attachment":[{"href":"https:\/\/www.bandaparafita.net\/cms\/wp-json\/wp\/v2\/media?parent=1282"}],"wp:term":[{"taxonomy":"category","embeddable":true,"href":"https:\/\/www.bandaparafita.net\/cms\/wp-json\/wp\/v2\/categories?post=1282"},{"taxonomy":"post_tag","embeddable":true,"href":"https:\/\/www.bandaparafita.net\/cms\/wp-json\/wp\/v2\/tags?post=1282"}],"curies":[{"name":"wp","href":"https:\/\/api.w.org\/{rel}","templated":true}]}}